{"id":79989,"date":"2022-03-17T18:41:24","date_gmt":"2022-03-17T18:41:24","guid":{"rendered":"https:\/\/sertv.gob.pa\/nacionalfm\/?p=79989"},"modified":"2022-03-17T18:41:24","modified_gmt":"2022-03-17T18:41:24","slug":"el-ejercito-de-ucrania-pide-a-la-prensa-limitar-la-cobertura-de-datos-y-movimientos-militares","status":"publish","type":"post","link":"https:\/\/sertv.gob.pa\/nacionalfm\/el-ejercito-de-ucrania-pide-a-la-prensa-limitar-la-cobertura-de-datos-y-movimientos-militares\/","title":{"rendered":"El Ej\u00e9rcito de Ucrania pide a la prensa limitar la cobertura de datos y movimientos militares"},"content":{"rendered":"<p><strong><em>MADRID, (EUROPA PRESS) \u2013<\/em><\/strong><\/p>\n<p>&nbsp;<\/p>\n<p>El Mando de las Fuerzas Armadas de Ucrania ha pedido este jueves a la prensa limitar la cobertura y la difusi\u00f3n de datos y movimientos militares para evitar en la medida de lo posible revelar la posici\u00f3n de las fuerzas ucranianas.<\/p>\n<p>En un comunicado, el Ministerio de Defensa ha solicitado a los medios de comunicaci\u00f3n que limiten, adem\u00e1s, \u00abla difusi\u00f3n de fotograf\u00edas en las que se pueda observar la localizaci\u00f3n de las tropas o las caras de los generales y oficiales\u00bb.<\/p>\n<p>Adem\u00e1s, ha se\u00f1alado que es necesario evitar la distribuci\u00f3n de v\u00eddeos sobre la situaci\u00f3n de los refugios antia\u00e9reos para los civiles en un intento por \u00abcomplicar la situaci\u00f3n al enemigo y evitar que golpee infraestructura civil\u00bb.<\/p>\n<p>Este mismo jueves, las fuerzas ucranianas han se\u00f1alado que la capital, Kiev, se encuentra asegurada, por lo que \u00abel enemigo no podr\u00e1 entrar\u00bb. As\u00ed lo ha confirmado el general Alexander Sirski, que ha supervisado la situaci\u00f3n en la zona noroccidental de la ciudad.<\/p>\n<p>\u00abDurante m\u00e1s de doce d\u00edas, el enemigo ha tratado sin \u00e9xito de romper las defensas ucranianas y entrar desde esa direcci\u00f3n. Los enfrentamientos siguen durante d\u00eda y noche y el enemigo est\u00e1 sufriendo numerosas bajas\u00bb, ha aseverado, seg\u00fan informaciones de la agencia de noticias UNIAN.<\/p>\n<p>As\u00ed, ha indicado que Ucrania \u00abdestruir\u00e1 al enemigo a cada oportunidad\u00bb. \u00abLas tropas rusas sentir\u00e1n toda la furia y fuerza de los defensores ucranianos\u00bb, ha sostenido.<\/p>\n<p>&nbsp;<\/p>\n<p>Fuente: EUROPA PRESS<\/p>\n","protected":false},"excerpt":{"rendered":"<p>MADRID, (EUROPA PRESS) \u2013 &nbsp; El Mando de las Fuerzas <a href=\"https:\/\/sertv.gob.pa\/nacionalfm\/el-ejercito-de-ucrania-pide-a-la-prensa-limitar-la-cobertura-de-datos-y-movimientos-militares\/\"> [&#8230;]<\/a><\/p>\n","protected":false},"author":9,"featured_media":79990,"comment_status":"closed","ping_status":"closed","sticky":false,"template":"","format":"standard","meta":{"footnotes":""},"categories":[3],"tags":[],"class_list":["post-79989","post","type-post","status-publish","format-standard","has-post-thumbnail","hentry","category-internacionales"],"_links":{"self":[{"href":"https:\/\/sertv.gob.pa\/nacionalfm\/wp-json\/wp\/v2\/posts\/79989","targetHints":{"allow":["GET"]}}],"collection":[{"href":"https:\/\/sertv.gob.pa\/nacionalfm\/wp-json\/wp\/v2\/posts"}],"about":[{"href":"https:\/\/sertv.gob.pa\/nacionalfm\/wp-json\/wp\/v2\/types\/post"}],"author":[{"embeddable":true,"href":"https:\/\/sertv.gob.pa\/nacionalfm\/wp-json\/wp\/v2\/users\/9"}],"replies":[{"embeddable":true,"href":"https:\/\/sertv.gob.pa\/nacionalfm\/wp-json\/wp\/v2\/comments?post=79989"}],"version-history":[{"count":1,"href":"https:\/\/sertv.gob.pa\/nacionalfm\/wp-json\/wp\/v2\/posts\/79989\/revisions"}],"predecessor-version":[{"id":79991,"href":"https:\/\/sertv.gob.pa\/nacionalfm\/wp-json\/wp\/v2\/posts\/79989\/revisions\/79991"}],"wp:featuredmedia":[{"embeddable":true,"href":"https:\/\/sertv.gob.pa\/nacionalfm\/wp-json\/wp\/v2\/media\/79990"}],"wp:attachment":[{"href":"https:\/\/sertv.gob.pa\/nacionalfm\/wp-json\/wp\/v2\/media?parent=79989"}],"wp:term":[{"taxonomy":"category","embeddable":true,"href":"https:\/\/sertv.gob.pa\/nacionalfm\/wp-json\/wp\/v2\/categories?post=79989"},{"taxonomy":"post_tag","embeddable":true,"href":"https:\/\/sertv.gob.pa\/nacionalfm\/wp-json\/wp\/v2\/tags?post=79989"}],"curies":[{"name":"wp","href":"https:\/\/api.w.org\/{rel}","templated":true}]}}