{"id":7999,"date":"2015-10-07T18:51:34","date_gmt":"2015-10-07T18:51:34","guid":{"rendered":""},"modified":"2015-10-07T18:51:34","modified_gmt":"2015-10-07T18:51:34","slug":"implante-esponja-que-atrapa-celulas-cancerosas-del-cuerpo","status":"publish","type":"post","link":"https:\/\/sertv.gob.pa\/nacionalfm\/implante-esponja-que-atrapa-celulas-cancerosas-del-cuerpo\/","title":{"rendered":"Implante-esponja que atrapa c\u00e9lulas cancerosas del cuerpo"},"content":{"rendered":"<p>\nLo llaman \u00abs\u00faper-atractor de c\u00e1ncer\u00bb y es la \u00faltima revoluci\u00f3n en la industria de los implantes. <\/p>\n<p>Sus creadores, cient\u00edficos de la Universidad de Michigan (UM), EE.UU, manifiestan que funciona \u00abcomo una esponja\u00bb y que es capaz de  atraer y capturar las c\u00e9lulas cancerosas  que se hallan en nuestra sangre. <\/p>\n<p>Pero este revolucionario implante-im\u00e1n no \u00fanicamente atraer\u00e1 a las c\u00e9lulas malignas; igualmente podr\u00e1 monitorearlas. <\/p>\n<p>De hecho, el dispositivo est\u00e1 preparado para  alertar a los m\u00e9dicos sobre posibles reca\u00eddas en pacientes de c\u00e1ncer de mama , e incluso evitar que las c\u00e9lulas cancerosas se extiendan a otras partes del cuerpo. <\/p>\n<p>\u00a0 <\/p>\n","protected":false},"excerpt":{"rendered":"<p>Lo llaman \u00abs\u00faper-atractor de c\u00e1ncer\u00bb y es la \u00faltima revoluci\u00f3n <a href=\"https:\/\/sertv.gob.pa\/nacionalfm\/implante-esponja-que-atrapa-celulas-cancerosas-del-cuerpo\/\"> [&#8230;]<\/a><\/p>\n","protected":false},"author":1,"featured_media":8000,"comment_status":"closed","ping_status":"closed","sticky":false,"template":"","format":"standard","meta":{"footnotes":""},"categories":[5],"tags":[],"class_list":["post-7999","post","type-post","status-publish","format-standard","has-post-thumbnail","hentry","category-salud"],"_links":{"self":[{"href":"https:\/\/sertv.gob.pa\/nacionalfm\/wp-json\/wp\/v2\/posts\/7999","targetHints":{"allow":["GET"]}}],"collection":[{"href":"https:\/\/sertv.gob.pa\/nacionalfm\/wp-json\/wp\/v2\/posts"}],"about":[{"href":"https:\/\/sertv.gob.pa\/nacionalfm\/wp-json\/wp\/v2\/types\/post"}],"author":[{"embeddable":true,"href":"https:\/\/sertv.gob.pa\/nacionalfm\/wp-json\/wp\/v2\/users\/1"}],"replies":[{"embeddable":true,"href":"https:\/\/sertv.gob.pa\/nacionalfm\/wp-json\/wp\/v2\/comments?post=7999"}],"version-history":[{"count":0,"href":"https:\/\/sertv.gob.pa\/nacionalfm\/wp-json\/wp\/v2\/posts\/7999\/revisions"}],"wp:featuredmedia":[{"embeddable":true,"href":"https:\/\/sertv.gob.pa\/nacionalfm\/wp-json\/wp\/v2\/media\/8000"}],"wp:attachment":[{"href":"https:\/\/sertv.gob.pa\/nacionalfm\/wp-json\/wp\/v2\/media?parent=7999"}],"wp:term":[{"taxonomy":"category","embeddable":true,"href":"https:\/\/sertv.gob.pa\/nacionalfm\/wp-json\/wp\/v2\/categories?post=7999"},{"taxonomy":"post_tag","embeddable":true,"href":"https:\/\/sertv.gob.pa\/nacionalfm\/wp-json\/wp\/v2\/tags?post=7999"}],"curies":[{"name":"wp","href":"https:\/\/api.w.org\/{rel}","templated":true}]}}