{"id":80035,"date":"2022-03-18T18:20:40","date_gmt":"2022-03-18T18:20:40","guid":{"rendered":"https:\/\/sertv.gob.pa\/nacionalfm\/?p=80035"},"modified":"2022-03-18T18:20:40","modified_gmt":"2022-03-18T18:20:40","slug":"naciones-unidas-dispara-sus-estimaciones-hasta-los-65-millones-de-desplazados-internos-en-ucrania","status":"publish","type":"post","link":"https:\/\/sertv.gob.pa\/nacionalfm\/naciones-unidas-dispara-sus-estimaciones-hasta-los-65-millones-de-desplazados-internos-en-ucrania\/","title":{"rendered":"Naciones Unidas dispara sus estimaciones hasta los 6,5 millones de desplazados internos en Ucrania"},"content":{"rendered":"<p><strong><em>MADRID, (EUROPA PRESS) \u2013<\/em><\/strong><\/p>\n<p><strong><em>\u00a0<\/em><\/strong><\/p>\n<p>La Organizaci\u00f3n Internacional para las Migraciones (OIM) de Naciones Unidas ha informado de que casi 6,5 millones de personas han sido desplazadas dentro de Ucrania debido a la invasi\u00f3n rusa, seg\u00fan sus \u00faltimas estimaciones publicadas este viernes y que suponen un incremento significativo al triplicar sus cifras anteriores.<\/p>\n<p>La agencia migratoria de la ONU, que hab\u00eda constatado hasta ahora 1,9 millones de desplazados, justifica este enorme salto argumentando que este \u00faltimo balance comprende datos de zonas geogr\u00e1ficas no disponibles hasta el momento.<\/p>\n<p>La OIM recuerda adem\u00e1s que en torno a 12 millones de personas est\u00e1n atrapadas en las \u00e1reas afectadas por los combates o no pueden salir debido al aumento de los riesgos de seguridad, la destrucci\u00f3n de puentes y carreteras as\u00ed como la falta de recursos o informaci\u00f3n sobre d\u00f3nde encontrar seguridad y alojamiento.<\/p>\n<p>&nbsp;<\/p>\n<p>Fuente: EUROPA PRESS<\/p>\n","protected":false},"excerpt":{"rendered":"<p>MADRID, (EUROPA PRESS) \u2013 \u00a0 La Organizaci\u00f3n Internacional para las <a href=\"https:\/\/sertv.gob.pa\/nacionalfm\/naciones-unidas-dispara-sus-estimaciones-hasta-los-65-millones-de-desplazados-internos-en-ucrania\/\"> [&#8230;]<\/a><\/p>\n","protected":false},"author":9,"featured_media":80036,"comment_status":"closed","ping_status":"closed","sticky":false,"template":"","format":"standard","meta":{"footnotes":""},"categories":[3],"tags":[],"class_list":["post-80035","post","type-post","status-publish","format-standard","has-post-thumbnail","hentry","category-internacionales"],"_links":{"self":[{"href":"https:\/\/sertv.gob.pa\/nacionalfm\/wp-json\/wp\/v2\/posts\/80035","targetHints":{"allow":["GET"]}}],"collection":[{"href":"https:\/\/sertv.gob.pa\/nacionalfm\/wp-json\/wp\/v2\/posts"}],"about":[{"href":"https:\/\/sertv.gob.pa\/nacionalfm\/wp-json\/wp\/v2\/types\/post"}],"author":[{"embeddable":true,"href":"https:\/\/sertv.gob.pa\/nacionalfm\/wp-json\/wp\/v2\/users\/9"}],"replies":[{"embeddable":true,"href":"https:\/\/sertv.gob.pa\/nacionalfm\/wp-json\/wp\/v2\/comments?post=80035"}],"version-history":[{"count":1,"href":"https:\/\/sertv.gob.pa\/nacionalfm\/wp-json\/wp\/v2\/posts\/80035\/revisions"}],"predecessor-version":[{"id":80037,"href":"https:\/\/sertv.gob.pa\/nacionalfm\/wp-json\/wp\/v2\/posts\/80035\/revisions\/80037"}],"wp:featuredmedia":[{"embeddable":true,"href":"https:\/\/sertv.gob.pa\/nacionalfm\/wp-json\/wp\/v2\/media\/80036"}],"wp:attachment":[{"href":"https:\/\/sertv.gob.pa\/nacionalfm\/wp-json\/wp\/v2\/media?parent=80035"}],"wp:term":[{"taxonomy":"category","embeddable":true,"href":"https:\/\/sertv.gob.pa\/nacionalfm\/wp-json\/wp\/v2\/categories?post=80035"},{"taxonomy":"post_tag","embeddable":true,"href":"https:\/\/sertv.gob.pa\/nacionalfm\/wp-json\/wp\/v2\/tags?post=80035"}],"curies":[{"name":"wp","href":"https:\/\/api.w.org\/{rel}","templated":true}]}}