{"id":80038,"date":"2022-03-18T18:38:02","date_gmt":"2022-03-18T18:38:02","guid":{"rendered":"https:\/\/sertv.gob.pa\/nacionalfm\/?p=80038"},"modified":"2022-03-18T18:38:02","modified_gmt":"2022-03-18T18:38:02","slug":"un-tribunal-ucraniano-ordena-el-arresto-del-diputado-prorruso-viktor-medvedchuk-por-traicion","status":"publish","type":"post","link":"https:\/\/sertv.gob.pa\/nacionalfm\/un-tribunal-ucraniano-ordena-el-arresto-del-diputado-prorruso-viktor-medvedchuk-por-traicion\/","title":{"rendered":"Un tribunal ucraniano ordena el arresto del diputado prorruso Viktor Medvedchuk por \u00abtraici\u00f3n\u00bb"},"content":{"rendered":"<p><strong><em>MADRID, (EUROPA PRESS) \u2013<\/em><\/strong><\/p>\n<p><strong><em>\u00a0<\/em><\/strong><\/p>\n<p>Un tribunal de la ciudad de Le\u00f3polis ha decretado este viernes una orden de b\u00fasqueda y captura contra Viktor Medvedchuk diputado del partido prorruso Plataforma de Oposici\u00f3n &#8211; Por la Vida, acusado de \u00abtraici\u00f3n\u00bb y de haber ayudado en el avituallamiento de una \u00aborganizaci\u00f3n terrorista\u00bb en los \u00abterritorios ocupados\u00bb.<\/p>\n<p>A la espera de conocer su paradero, la Fiscal\u00eda y la Oficina Estatal de Investigaciones, han recurrido a los ciudadanos ucranianos para que faciliten a las autoridades cualquier informaci\u00f3n que pueda ayudar en su detenci\u00f3n, ha informado esta \u00faltima agencia en sus redes sociales.<\/p>\n<p>La decisi\u00f3n del tribunal se produce despu\u00e9s de que se notificara el pasado 27 de febrero la huida de Medvedchuk de su domicilio, donde cumpl\u00eda detenci\u00f3n vigilada por estos mismos hechos. Su abogada, Larisa Cherednichenko, aclar\u00f3 que no se hab\u00eda fugado, sino que se hab\u00eda \u00abmudado a un lugar seguro\u00bb por motivos de seguridad.<\/p>\n<p>Medvedchuk hab\u00eda sido sancionado el a\u00f1o pasado con prisi\u00f3n domiciliaria tras ser acusado de producir de manera irregular petr\u00f3leo y gas en la regi\u00f3n del mar Negro y facilitar a trav\u00e9s del suministro de carb\u00f3n las actividades de una \u00aborganizaci\u00f3n terrorista\u00bb en los llamados \u00abterritorios ocupados\u00bb en el este de Ucrania.<\/p>\n<p>&nbsp;<\/p>\n<p>Fuente: EUROPA PRESS<\/p>\n","protected":false},"excerpt":{"rendered":"<p>MADRID, (EUROPA PRESS) \u2013 \u00a0 Un tribunal de la ciudad <a href=\"https:\/\/sertv.gob.pa\/nacionalfm\/un-tribunal-ucraniano-ordena-el-arresto-del-diputado-prorruso-viktor-medvedchuk-por-traicion\/\"> [&#8230;]<\/a><\/p>\n","protected":false},"author":9,"featured_media":80039,"comment_status":"closed","ping_status":"closed","sticky":false,"template":"","format":"standard","meta":{"footnotes":""},"categories":[3],"tags":[],"class_list":["post-80038","post","type-post","status-publish","format-standard","has-post-thumbnail","hentry","category-internacionales"],"_links":{"self":[{"href":"https:\/\/sertv.gob.pa\/nacionalfm\/wp-json\/wp\/v2\/posts\/80038","targetHints":{"allow":["GET"]}}],"collection":[{"href":"https:\/\/sertv.gob.pa\/nacionalfm\/wp-json\/wp\/v2\/posts"}],"about":[{"href":"https:\/\/sertv.gob.pa\/nacionalfm\/wp-json\/wp\/v2\/types\/post"}],"author":[{"embeddable":true,"href":"https:\/\/sertv.gob.pa\/nacionalfm\/wp-json\/wp\/v2\/users\/9"}],"replies":[{"embeddable":true,"href":"https:\/\/sertv.gob.pa\/nacionalfm\/wp-json\/wp\/v2\/comments?post=80038"}],"version-history":[{"count":1,"href":"https:\/\/sertv.gob.pa\/nacionalfm\/wp-json\/wp\/v2\/posts\/80038\/revisions"}],"predecessor-version":[{"id":80040,"href":"https:\/\/sertv.gob.pa\/nacionalfm\/wp-json\/wp\/v2\/posts\/80038\/revisions\/80040"}],"wp:featuredmedia":[{"embeddable":true,"href":"https:\/\/sertv.gob.pa\/nacionalfm\/wp-json\/wp\/v2\/media\/80039"}],"wp:attachment":[{"href":"https:\/\/sertv.gob.pa\/nacionalfm\/wp-json\/wp\/v2\/media?parent=80038"}],"wp:term":[{"taxonomy":"category","embeddable":true,"href":"https:\/\/sertv.gob.pa\/nacionalfm\/wp-json\/wp\/v2\/categories?post=80038"},{"taxonomy":"post_tag","embeddable":true,"href":"https:\/\/sertv.gob.pa\/nacionalfm\/wp-json\/wp\/v2\/tags?post=80038"}],"curies":[{"name":"wp","href":"https:\/\/api.w.org\/{rel}","templated":true}]}}