{"id":80079,"date":"2022-03-21T18:24:35","date_gmt":"2022-03-21T18:24:35","guid":{"rendered":"https:\/\/sertv.gob.pa\/nacionalfm\/?p=80079"},"modified":"2022-03-21T18:24:35","modified_gmt":"2022-03-21T18:24:35","slug":"un-avion-de-china-eastern-airlines-con-mas-de-130-personas-a-bordo-se-estrella-en-el-sur-de-china","status":"publish","type":"post","link":"https:\/\/sertv.gob.pa\/nacionalfm\/un-avion-de-china-eastern-airlines-con-mas-de-130-personas-a-bordo-se-estrella-en-el-sur-de-china\/","title":{"rendered":"Un avi\u00f3n de China Eastern Airlines con m\u00e1s de 130 personas a bordo se estrella en el sur de China"},"content":{"rendered":"<p><strong><em>MADRID, (EUROPA PRESS) \u2013<\/em><\/strong><\/p>\n<p>&nbsp;<\/p>\n<p>Un avi\u00f3n de la aerol\u00ednea China Eastern Airlines con m\u00e1s de 130 personas a bordo se ha estrellado este lunes en el sur de China, seg\u00fan han informado los medios estatales del gigante asi\u00e1tico, sin que por ahora haya m\u00e1s detalles sobre el suceso.<\/p>\n<p>Seg\u00fan las informaciones facilitadas por la cadena de televisi\u00f3n CGTN, vinculada a la estatal CCTV, el avi\u00f3n se ha estrellado en la regi\u00f3n aut\u00f3noma de Guangxi Zhuang.<\/p>\n<p>Por el momento se desconocen las causas del siniestro, seg\u00fan este medio, que ha agregado que los equipos de rescate trabajan en la zona, sin aportar datos sobre posibles v\u00edctimas.<\/p>\n<p>&nbsp;<\/p>\n<p>Fuente: EUROPA PRESS<\/p>\n<p>&nbsp;<\/p>\n","protected":false},"excerpt":{"rendered":"<p>MADRID, (EUROPA PRESS) \u2013 &nbsp; Un avi\u00f3n de la aerol\u00ednea <a href=\"https:\/\/sertv.gob.pa\/nacionalfm\/un-avion-de-china-eastern-airlines-con-mas-de-130-personas-a-bordo-se-estrella-en-el-sur-de-china\/\"> [&#8230;]<\/a><\/p>\n","protected":false},"author":9,"featured_media":80080,"comment_status":"closed","ping_status":"closed","sticky":false,"template":"","format":"standard","meta":{"footnotes":""},"categories":[3],"tags":[],"class_list":["post-80079","post","type-post","status-publish","format-standard","has-post-thumbnail","hentry","category-internacionales"],"_links":{"self":[{"href":"https:\/\/sertv.gob.pa\/nacionalfm\/wp-json\/wp\/v2\/posts\/80079","targetHints":{"allow":["GET"]}}],"collection":[{"href":"https:\/\/sertv.gob.pa\/nacionalfm\/wp-json\/wp\/v2\/posts"}],"about":[{"href":"https:\/\/sertv.gob.pa\/nacionalfm\/wp-json\/wp\/v2\/types\/post"}],"author":[{"embeddable":true,"href":"https:\/\/sertv.gob.pa\/nacionalfm\/wp-json\/wp\/v2\/users\/9"}],"replies":[{"embeddable":true,"href":"https:\/\/sertv.gob.pa\/nacionalfm\/wp-json\/wp\/v2\/comments?post=80079"}],"version-history":[{"count":1,"href":"https:\/\/sertv.gob.pa\/nacionalfm\/wp-json\/wp\/v2\/posts\/80079\/revisions"}],"predecessor-version":[{"id":80081,"href":"https:\/\/sertv.gob.pa\/nacionalfm\/wp-json\/wp\/v2\/posts\/80079\/revisions\/80081"}],"wp:featuredmedia":[{"embeddable":true,"href":"https:\/\/sertv.gob.pa\/nacionalfm\/wp-json\/wp\/v2\/media\/80080"}],"wp:attachment":[{"href":"https:\/\/sertv.gob.pa\/nacionalfm\/wp-json\/wp\/v2\/media?parent=80079"}],"wp:term":[{"taxonomy":"category","embeddable":true,"href":"https:\/\/sertv.gob.pa\/nacionalfm\/wp-json\/wp\/v2\/categories?post=80079"},{"taxonomy":"post_tag","embeddable":true,"href":"https:\/\/sertv.gob.pa\/nacionalfm\/wp-json\/wp\/v2\/tags?post=80079"}],"curies":[{"name":"wp","href":"https:\/\/api.w.org\/{rel}","templated":true}]}}