{"id":80085,"date":"2022-03-21T19:19:15","date_gmt":"2022-03-21T19:19:15","guid":{"rendered":"https:\/\/sertv.gob.pa\/nacionalfm\/?p=80085"},"modified":"2022-03-21T19:19:15","modified_gmt":"2022-03-21T19:19:15","slug":"fallecen-tres-empleados-de-una-fabrica-de-explosivos-tras-una-explosion","status":"publish","type":"post","link":"https:\/\/sertv.gob.pa\/nacionalfm\/fallecen-tres-empleados-de-una-fabrica-de-explosivos-tras-una-explosion\/","title":{"rendered":"Fallecen tres empleados de una f\u00e1brica de explosivos tras una explosi\u00f3n"},"content":{"rendered":"<p><strong><em>MADRID, (EUROPA PRESS) \u2013<\/em><\/strong><\/p>\n<p><strong><em>\u00a0<\/em><\/strong><\/p>\n<p>Al menos tres personas han fallecido este lunes a consecuencia de una explosi\u00f3n en una f\u00e1brica de explosivos en la ciudad de Grevena, en el norte de Grecia.<\/p>\n<p>El Cuerpo de Bomberos del pa\u00eds ha confirmado la explosi\u00f3n a primera hora de este lunes y ha enviado al lugar de los hechos hasta cuatro veh\u00edculos con el objetivo de sofocar las llamas.<\/p>\n<p>En un primer momento, la empresa ha apuntado a la desaparici\u00f3n de tres de sus empleados, si bien m\u00e1s tarde ha confirmado que finalmente se han localizado sus cuerpos, seg\u00fan recoge el diario &#8216;Kathimerini&#8217;.<\/p>\n<p>\u00abNos encontramos en la dif\u00edcil posici\u00f3n de tener que confirmar la muerte de tres miembros de nuestro personal que se encontraban en nuestra f\u00e1brica cerca de Grevena durante el accidente en la l\u00ednea de producci\u00f3n\u00bb, ha explicado la empresa ELTEK en un comunicado.<\/p>\n<p>ELTEK ha trasladado su dolor por la p\u00e9rdida de los compa\u00f1eros y ha compartido su \u00abm\u00e1s sentido p\u00e9same\u00bb con las familias y seres queridos de los fallecidos.<\/p>\n<p>Las instalaciones han quedado completamente destruidas tras la explosi\u00f3n, que se ha registrado en torno a las 8.00 horas (hora local). Las autoridades competentes se han hecho cargo de las investigaciones para esclarecer las causas de lo ocurrido.<\/p>\n<p>&nbsp;<\/p>\n<p>Fuente: EUROPA PRESS<\/p>\n<p>&nbsp;<\/p>\n","protected":false},"excerpt":{"rendered":"<p>MADRID, (EUROPA PRESS) \u2013 \u00a0 Al menos tres personas han <a href=\"https:\/\/sertv.gob.pa\/nacionalfm\/fallecen-tres-empleados-de-una-fabrica-de-explosivos-tras-una-explosion\/\"> [&#8230;]<\/a><\/p>\n","protected":false},"author":9,"featured_media":80086,"comment_status":"closed","ping_status":"closed","sticky":false,"template":"","format":"standard","meta":{"footnotes":""},"categories":[3],"tags":[],"class_list":["post-80085","post","type-post","status-publish","format-standard","has-post-thumbnail","hentry","category-internacionales"],"_links":{"self":[{"href":"https:\/\/sertv.gob.pa\/nacionalfm\/wp-json\/wp\/v2\/posts\/80085","targetHints":{"allow":["GET"]}}],"collection":[{"href":"https:\/\/sertv.gob.pa\/nacionalfm\/wp-json\/wp\/v2\/posts"}],"about":[{"href":"https:\/\/sertv.gob.pa\/nacionalfm\/wp-json\/wp\/v2\/types\/post"}],"author":[{"embeddable":true,"href":"https:\/\/sertv.gob.pa\/nacionalfm\/wp-json\/wp\/v2\/users\/9"}],"replies":[{"embeddable":true,"href":"https:\/\/sertv.gob.pa\/nacionalfm\/wp-json\/wp\/v2\/comments?post=80085"}],"version-history":[{"count":1,"href":"https:\/\/sertv.gob.pa\/nacionalfm\/wp-json\/wp\/v2\/posts\/80085\/revisions"}],"predecessor-version":[{"id":80087,"href":"https:\/\/sertv.gob.pa\/nacionalfm\/wp-json\/wp\/v2\/posts\/80085\/revisions\/80087"}],"wp:featuredmedia":[{"embeddable":true,"href":"https:\/\/sertv.gob.pa\/nacionalfm\/wp-json\/wp\/v2\/media\/80086"}],"wp:attachment":[{"href":"https:\/\/sertv.gob.pa\/nacionalfm\/wp-json\/wp\/v2\/media?parent=80085"}],"wp:term":[{"taxonomy":"category","embeddable":true,"href":"https:\/\/sertv.gob.pa\/nacionalfm\/wp-json\/wp\/v2\/categories?post=80085"},{"taxonomy":"post_tag","embeddable":true,"href":"https:\/\/sertv.gob.pa\/nacionalfm\/wp-json\/wp\/v2\/tags?post=80085"}],"curies":[{"name":"wp","href":"https:\/\/api.w.org\/{rel}","templated":true}]}}