{"id":80148,"date":"2022-03-22T18:42:18","date_gmt":"2022-03-22T18:42:18","guid":{"rendered":"https:\/\/sertv.gob.pa\/nacionalfm\/?p=80148"},"modified":"2022-03-22T18:42:18","modified_gmt":"2022-03-22T18:42:18","slug":"la-onu-confirma-mas-de-950-civiles-muertos-en-ucrania-78-de-ellos-ninos","status":"publish","type":"post","link":"https:\/\/sertv.gob.pa\/nacionalfm\/la-onu-confirma-mas-de-950-civiles-muertos-en-ucrania-78-de-ellos-ninos\/","title":{"rendered":"La ONU confirma m\u00e1s de 950 civiles muertos en Ucrania, 78 de ellos ni\u00f1os"},"content":{"rendered":"<p><strong><em>MADRID, (EUROPA PRESS) \u2013<\/em><\/strong><\/p>\n<p><strong><em>\u00a0<\/em><\/strong><\/p>\n<p>Naciones Unidas tiene ya confirmada la muerte de 953 civiles desde que Rusia lanz\u00f3 el 24 de febrero su ofensiva sobre Ucrania, 78 de ellos ni\u00f1os, si bien la cifra real ser\u00eda \u00abconsiderablemente mayor\u00bb habida cuenta del retraso en la verificaci\u00f3n y de la falta de datos de zonas clave como Mari\u00fapol, asediada por las fuerzas rusas.<\/p>\n<p>El Alto Comisionado de la ONU para los Derechos Humanos, que trata de elaborar un recuento independiente de v\u00edctimas, ten\u00eda confirmados hasta el lunes 953 fallecidos y 1.557 heridos entre la poblaci\u00f3n civil. La mayor\u00eda de estas v\u00edctimas derivan de armamento explosivo de amplio alcance, como podr\u00edan ser misiles o bombardeos a\u00e9reos.<\/p>\n<p>La organizaci\u00f3n asume que va por detr\u00e1s en su recuento y cita en su informe las evaluaciones que realizan autoridades locales como la Fiscal\u00eda ucraniana, que ha informado de 117 ni\u00f1os muertos y m\u00e1s de 155 heridos desde que Rusia lanz\u00f3 su ofensiva hace casi un mes, el 24 de febrero.<\/p>\n<p>&nbsp;<\/p>\n<p>Fuente: EUROPA PRESS<\/p>\n<p>&nbsp;<\/p>\n","protected":false},"excerpt":{"rendered":"<p>MADRID, (EUROPA PRESS) \u2013 \u00a0 Naciones Unidas tiene ya confirmada <a href=\"https:\/\/sertv.gob.pa\/nacionalfm\/la-onu-confirma-mas-de-950-civiles-muertos-en-ucrania-78-de-ellos-ninos\/\"> [&#8230;]<\/a><\/p>\n","protected":false},"author":9,"featured_media":80149,"comment_status":"closed","ping_status":"closed","sticky":false,"template":"","format":"standard","meta":{"footnotes":""},"categories":[3],"tags":[],"class_list":["post-80148","post","type-post","status-publish","format-standard","has-post-thumbnail","hentry","category-internacionales"],"_links":{"self":[{"href":"https:\/\/sertv.gob.pa\/nacionalfm\/wp-json\/wp\/v2\/posts\/80148","targetHints":{"allow":["GET"]}}],"collection":[{"href":"https:\/\/sertv.gob.pa\/nacionalfm\/wp-json\/wp\/v2\/posts"}],"about":[{"href":"https:\/\/sertv.gob.pa\/nacionalfm\/wp-json\/wp\/v2\/types\/post"}],"author":[{"embeddable":true,"href":"https:\/\/sertv.gob.pa\/nacionalfm\/wp-json\/wp\/v2\/users\/9"}],"replies":[{"embeddable":true,"href":"https:\/\/sertv.gob.pa\/nacionalfm\/wp-json\/wp\/v2\/comments?post=80148"}],"version-history":[{"count":1,"href":"https:\/\/sertv.gob.pa\/nacionalfm\/wp-json\/wp\/v2\/posts\/80148\/revisions"}],"predecessor-version":[{"id":80150,"href":"https:\/\/sertv.gob.pa\/nacionalfm\/wp-json\/wp\/v2\/posts\/80148\/revisions\/80150"}],"wp:featuredmedia":[{"embeddable":true,"href":"https:\/\/sertv.gob.pa\/nacionalfm\/wp-json\/wp\/v2\/media\/80149"}],"wp:attachment":[{"href":"https:\/\/sertv.gob.pa\/nacionalfm\/wp-json\/wp\/v2\/media?parent=80148"}],"wp:term":[{"taxonomy":"category","embeddable":true,"href":"https:\/\/sertv.gob.pa\/nacionalfm\/wp-json\/wp\/v2\/categories?post=80148"},{"taxonomy":"post_tag","embeddable":true,"href":"https:\/\/sertv.gob.pa\/nacionalfm\/wp-json\/wp\/v2\/tags?post=80148"}],"curies":[{"name":"wp","href":"https:\/\/api.w.org\/{rel}","templated":true}]}}