{"id":80151,"date":"2022-03-22T19:17:23","date_gmt":"2022-03-22T19:17:23","guid":{"rendered":"https:\/\/sertv.gob.pa\/nacionalfm\/?p=80151"},"modified":"2022-03-22T19:17:23","modified_gmt":"2022-03-22T19:17:23","slug":"ucrania-acusa-a-las-milicias-prorrusas-de-donetsk-de-incautar-un-convoy-de-autobuses-de-evacuacion","status":"publish","type":"post","link":"https:\/\/sertv.gob.pa\/nacionalfm\/ucrania-acusa-a-las-milicias-prorrusas-de-donetsk-de-incautar-un-convoy-de-autobuses-de-evacuacion\/","title":{"rendered":"Ucrania acusa a las milicias prorrusas de Donetsk de incautar un convoy de autobuses de evacuaci\u00f3n"},"content":{"rendered":"<p><strong><em>MADRID, (EUROPA PRESS) \u2013<\/em><\/strong><\/p>\n<p><strong><em>\u00a0<\/em><\/strong><\/p>\n<p>La vice primera ministra de Ucrania, Irina Vereshchuk, ha acusado este martes a las milicias prorrusas de Donetsk de haber incautado un convoy de autobuses destinado a la evacuaci\u00f3n de civiles.<\/p>\n<p>\u00abLo que est\u00e1n haciendo es realmente una atrocidad. Hoy en el corredor (humanitario) hab\u00eda un convoy de autobuses, empleados del Servicio de Emergencia Estatal (SES) que fueron capturados por representantes de la Rep\u00fablica Popular de Donetsk\u00bb, ha denunciado Vereshchuk.<\/p>\n<p>La vice primera ministra, quien tambi\u00e9n se desempe\u00f1a como ministra para la Reintegraci\u00f3n de los Territorios Ocupados, ha lamentado que esto haya sucedido en un corredor humanitario \u00abacordado\u00bb con Rusia, seg\u00fan informa la agencia ucraniana Ukrinform.<\/p>\n<p>Vereshchuk ha indicado que hay miles de personas que quieren huir de zonas de conflicto y \u00abno pueden\u00bb por este tipo de movimientos de Rusia. Adem\u00e1s, ha lamentado que las personas interceptadas por los prorrusos de Donetsk ahora deber\u00e1n andar incluso m\u00e1s de 20 kil\u00f3metros para llegar a un lugar donde el Gobierno de Ucrania pueda atenderlos y poner a su disposici\u00f3n otro autob\u00fas de evacuaci\u00f3n.<\/p>\n<p>Por otro lado, ha reconocido la intenci\u00f3n del Ejecutivo de implementar un corredor humanitario en Chern\u00edgov, si bien ha advertido de la complejidad de llevarlo a cabo pues, seg\u00fan el Ej\u00e9rcito ucraniano, este corredor ser\u00eda \u00abdemasiado peligroso\u00bb para aquellos que intenten huir.<\/p>\n<p>Chern\u00edgov, junto a la ciudad de Mari\u00fapol, es uno de los puntos del territorio ucraniano donde m\u00e1s se han intensificado los ataques rusos en las \u00faltimas jornadas desde el inicio de la invasi\u00f3n, hace ya casi un mes.<\/p>\n<p>&nbsp;<\/p>\n<p>Fuente: EUROPA PRESS<\/p>\n<p>&nbsp;<\/p>\n","protected":false},"excerpt":{"rendered":"<p>MADRID, (EUROPA PRESS) \u2013 \u00a0 La vice primera ministra de <a href=\"https:\/\/sertv.gob.pa\/nacionalfm\/ucrania-acusa-a-las-milicias-prorrusas-de-donetsk-de-incautar-un-convoy-de-autobuses-de-evacuacion\/\"> [&#8230;]<\/a><\/p>\n","protected":false},"author":9,"featured_media":80152,"comment_status":"closed","ping_status":"closed","sticky":false,"template":"","format":"standard","meta":{"footnotes":""},"categories":[3],"tags":[],"class_list":["post-80151","post","type-post","status-publish","format-standard","has-post-thumbnail","hentry","category-internacionales"],"_links":{"self":[{"href":"https:\/\/sertv.gob.pa\/nacionalfm\/wp-json\/wp\/v2\/posts\/80151","targetHints":{"allow":["GET"]}}],"collection":[{"href":"https:\/\/sertv.gob.pa\/nacionalfm\/wp-json\/wp\/v2\/posts"}],"about":[{"href":"https:\/\/sertv.gob.pa\/nacionalfm\/wp-json\/wp\/v2\/types\/post"}],"author":[{"embeddable":true,"href":"https:\/\/sertv.gob.pa\/nacionalfm\/wp-json\/wp\/v2\/users\/9"}],"replies":[{"embeddable":true,"href":"https:\/\/sertv.gob.pa\/nacionalfm\/wp-json\/wp\/v2\/comments?post=80151"}],"version-history":[{"count":1,"href":"https:\/\/sertv.gob.pa\/nacionalfm\/wp-json\/wp\/v2\/posts\/80151\/revisions"}],"predecessor-version":[{"id":80154,"href":"https:\/\/sertv.gob.pa\/nacionalfm\/wp-json\/wp\/v2\/posts\/80151\/revisions\/80154"}],"wp:featuredmedia":[{"embeddable":true,"href":"https:\/\/sertv.gob.pa\/nacionalfm\/wp-json\/wp\/v2\/media\/80152"}],"wp:attachment":[{"href":"https:\/\/sertv.gob.pa\/nacionalfm\/wp-json\/wp\/v2\/media?parent=80151"}],"wp:term":[{"taxonomy":"category","embeddable":true,"href":"https:\/\/sertv.gob.pa\/nacionalfm\/wp-json\/wp\/v2\/categories?post=80151"},{"taxonomy":"post_tag","embeddable":true,"href":"https:\/\/sertv.gob.pa\/nacionalfm\/wp-json\/wp\/v2\/tags?post=80151"}],"curies":[{"name":"wp","href":"https:\/\/api.w.org\/{rel}","templated":true}]}}