{"id":80201,"date":"2022-03-23T17:58:31","date_gmt":"2022-03-23T17:58:31","guid":{"rendered":"https:\/\/sertv.gob.pa\/nacionalfm\/?p=80201"},"modified":"2022-03-23T17:58:31","modified_gmt":"2022-03-23T17:58:31","slug":"lituania-introduce-controles-policiales-en-las-carreteras-procedentes-de-polonia-ante-el-aumento-de-refugiados","status":"publish","type":"post","link":"https:\/\/sertv.gob.pa\/nacionalfm\/lituania-introduce-controles-policiales-en-las-carreteras-procedentes-de-polonia-ante-el-aumento-de-refugiados\/","title":{"rendered":"Lituania introduce controles policiales en las carreteras procedentes de Polonia ante el aumento de refugiados"},"content":{"rendered":"<p><strong><em>MADRID, (EUROPA PRESS) \u2013<\/em><\/strong><\/p>\n<p><strong><em>\u00a0<\/em><\/strong><\/p>\n<p>Las autoridades de Lituania han informado este mi\u00e9rcoles de que pondr\u00e1n en marcha una serie de controles policiales en las carreteras procedentes de Polonia en plena crisis de refugiados a causa de la guerra en Ucrania.<\/p>\n<p>La ministra del Interior, Agne Bilotaite, ha indicado que los agentes inspeccionar\u00e1n todos los buses y turismos que provengan de Polonia con refugiados con la intenci\u00f3n de regular el flujo migratorio.<\/p>\n<p>\u00abHemos tomado la decisi\u00f3n de introducir un control preventivo de los autobuses y minibuses que llegan de Polonia y que transportan refugiados (&#8230;) para evitar el tr\u00e1fico de personas y regular el flujo de personas hacia nuestros centros de registro\u00bb, ha explicado Bilotaite, seg\u00fan ha recogido el portal de noticias Delfi.<\/p>\n<p>Las declaraciones de la ministra han tenido lugar tras una rueda de prensa celebrada despu\u00e9s de una reuni\u00f3n del Consejo de Seguridad del Estado con motivo de la situaci\u00f3n en Ucrania. Bilotaite tambi\u00e9n ha se\u00f1alado que en Lituania hay actualmente seis centros de registro y ha cifrado en casi 29.000 los refugiados que han llegado al pa\u00eds desde finales de febrero.<\/p>\n<p>Datos de la ONU sit\u00faan en casi un millar los civiles muertos desde el inicio de la invasi\u00f3n el pasado 24 de febrero y en m\u00e1s de 1.500 los heridos, si bien estas cifras podr\u00edan ser m\u00e1s altas.<\/p>\n<p>&nbsp;<\/p>\n<p>Fuente: EUROPA PRESS<\/p>\n","protected":false},"excerpt":{"rendered":"<p>MADRID, (EUROPA PRESS) \u2013 \u00a0 Las autoridades de Lituania han <a href=\"https:\/\/sertv.gob.pa\/nacionalfm\/lituania-introduce-controles-policiales-en-las-carreteras-procedentes-de-polonia-ante-el-aumento-de-refugiados\/\"> [&#8230;]<\/a><\/p>\n","protected":false},"author":9,"featured_media":80202,"comment_status":"closed","ping_status":"closed","sticky":false,"template":"","format":"standard","meta":{"footnotes":""},"categories":[3],"tags":[],"class_list":["post-80201","post","type-post","status-publish","format-standard","has-post-thumbnail","hentry","category-internacionales"],"_links":{"self":[{"href":"https:\/\/sertv.gob.pa\/nacionalfm\/wp-json\/wp\/v2\/posts\/80201","targetHints":{"allow":["GET"]}}],"collection":[{"href":"https:\/\/sertv.gob.pa\/nacionalfm\/wp-json\/wp\/v2\/posts"}],"about":[{"href":"https:\/\/sertv.gob.pa\/nacionalfm\/wp-json\/wp\/v2\/types\/post"}],"author":[{"embeddable":true,"href":"https:\/\/sertv.gob.pa\/nacionalfm\/wp-json\/wp\/v2\/users\/9"}],"replies":[{"embeddable":true,"href":"https:\/\/sertv.gob.pa\/nacionalfm\/wp-json\/wp\/v2\/comments?post=80201"}],"version-history":[{"count":1,"href":"https:\/\/sertv.gob.pa\/nacionalfm\/wp-json\/wp\/v2\/posts\/80201\/revisions"}],"predecessor-version":[{"id":80203,"href":"https:\/\/sertv.gob.pa\/nacionalfm\/wp-json\/wp\/v2\/posts\/80201\/revisions\/80203"}],"wp:featuredmedia":[{"embeddable":true,"href":"https:\/\/sertv.gob.pa\/nacionalfm\/wp-json\/wp\/v2\/media\/80202"}],"wp:attachment":[{"href":"https:\/\/sertv.gob.pa\/nacionalfm\/wp-json\/wp\/v2\/media?parent=80201"}],"wp:term":[{"taxonomy":"category","embeddable":true,"href":"https:\/\/sertv.gob.pa\/nacionalfm\/wp-json\/wp\/v2\/categories?post=80201"},{"taxonomy":"post_tag","embeddable":true,"href":"https:\/\/sertv.gob.pa\/nacionalfm\/wp-json\/wp\/v2\/tags?post=80201"}],"curies":[{"name":"wp","href":"https:\/\/api.w.org\/{rel}","templated":true}]}}