{"id":80259,"date":"2022-03-24T18:33:52","date_gmt":"2022-03-24T18:33:52","guid":{"rendered":"https:\/\/sertv.gob.pa\/nacionalfm\/?p=80259"},"modified":"2022-03-24T18:33:52","modified_gmt":"2022-03-24T18:33:52","slug":"biden-afirma-que-la-otan-respondera-ante-un-ataque-quimico-ruso-en-ucrania","status":"publish","type":"post","link":"https:\/\/sertv.gob.pa\/nacionalfm\/biden-afirma-que-la-otan-respondera-ante-un-ataque-quimico-ruso-en-ucrania\/","title":{"rendered":"Biden afirma que la OTAN responder\u00e1 ante un ataque qu\u00edmico ruso en Ucrania"},"content":{"rendered":"<p><strong><em>BRUSELAS, (EUROPA PRESS) \u2013<\/em><\/strong><\/p>\n<p><strong><em>\u00a0<\/em><\/strong><\/p>\n<p>El presidente de Estados Unidos, Joe Biden, ha afirmado este jueves que la OTAN responder\u00e1 a un posible ataque qu\u00edmico ruso en Ucrania, aunque ha evitado se\u00f1alar el tipo de reacci\u00f3n que desencadenar\u00eda.<\/p>\n<p>\u00abResponderemos si las usa, pero la naturaleza de la respuesta depender\u00e1 de la naturaleza del uso\u00bb, ha indicado el presidente estadounidense en rueda de prensa en la sede de la OTAN tras la cumbre extraordinaria de los l\u00edderes aliados y la cumbre del G7.<\/p>\n<p>Sin querer desvelar si este paso desencadenar\u00eda una intervenci\u00f3n militar de la OTAN, Biden no lo ha descartado y ha asegurado que se tomar\u00e1 la decisi\u00f3n en su momento.<\/p>\n<p>&nbsp;<\/p>\n<p>Fuente: EUROPA PRESS<\/p>\n<p>&nbsp;<\/p>\n","protected":false},"excerpt":{"rendered":"<p>BRUSELAS, (EUROPA PRESS) \u2013 \u00a0 El presidente de Estados Unidos, <a href=\"https:\/\/sertv.gob.pa\/nacionalfm\/biden-afirma-que-la-otan-respondera-ante-un-ataque-quimico-ruso-en-ucrania\/\"> [&#8230;]<\/a><\/p>\n","protected":false},"author":9,"featured_media":80260,"comment_status":"closed","ping_status":"closed","sticky":false,"template":"","format":"standard","meta":{"footnotes":""},"categories":[3],"tags":[],"class_list":["post-80259","post","type-post","status-publish","format-standard","has-post-thumbnail","hentry","category-internacionales"],"_links":{"self":[{"href":"https:\/\/sertv.gob.pa\/nacionalfm\/wp-json\/wp\/v2\/posts\/80259","targetHints":{"allow":["GET"]}}],"collection":[{"href":"https:\/\/sertv.gob.pa\/nacionalfm\/wp-json\/wp\/v2\/posts"}],"about":[{"href":"https:\/\/sertv.gob.pa\/nacionalfm\/wp-json\/wp\/v2\/types\/post"}],"author":[{"embeddable":true,"href":"https:\/\/sertv.gob.pa\/nacionalfm\/wp-json\/wp\/v2\/users\/9"}],"replies":[{"embeddable":true,"href":"https:\/\/sertv.gob.pa\/nacionalfm\/wp-json\/wp\/v2\/comments?post=80259"}],"version-history":[{"count":1,"href":"https:\/\/sertv.gob.pa\/nacionalfm\/wp-json\/wp\/v2\/posts\/80259\/revisions"}],"predecessor-version":[{"id":80261,"href":"https:\/\/sertv.gob.pa\/nacionalfm\/wp-json\/wp\/v2\/posts\/80259\/revisions\/80261"}],"wp:featuredmedia":[{"embeddable":true,"href":"https:\/\/sertv.gob.pa\/nacionalfm\/wp-json\/wp\/v2\/media\/80260"}],"wp:attachment":[{"href":"https:\/\/sertv.gob.pa\/nacionalfm\/wp-json\/wp\/v2\/media?parent=80259"}],"wp:term":[{"taxonomy":"category","embeddable":true,"href":"https:\/\/sertv.gob.pa\/nacionalfm\/wp-json\/wp\/v2\/categories?post=80259"},{"taxonomy":"post_tag","embeddable":true,"href":"https:\/\/sertv.gob.pa\/nacionalfm\/wp-json\/wp\/v2\/tags?post=80259"}],"curies":[{"name":"wp","href":"https:\/\/api.w.org\/{rel}","templated":true}]}}