{"id":80312,"date":"2022-03-25T17:53:39","date_gmt":"2022-03-25T17:53:39","guid":{"rendered":"https:\/\/sertv.gob.pa\/nacionalfm\/?p=80312"},"modified":"2022-03-25T17:53:39","modified_gmt":"2022-03-25T17:53:39","slug":"la-casa-blanca-aclara-que-eeuu-no-utilizara-armas-quimicas-en-ninguna-circunstancia","status":"publish","type":"post","link":"https:\/\/sertv.gob.pa\/nacionalfm\/la-casa-blanca-aclara-que-eeuu-no-utilizara-armas-quimicas-en-ninguna-circunstancia\/","title":{"rendered":"La Casa Blanca aclara que EEUU no utilizar\u00e1 armas qu\u00edmicas \u00aben ninguna circunstancia\u00bb"},"content":{"rendered":"<p><strong>MADRID, (EUROPA PRESS) &#8211;<\/strong><\/p>\n<p>&nbsp;<\/p>\n<p>El asesor de Seguridad Nacional de la Casa Blanca, Jake Sullivan, ha aclarado este viernes que Estados Unidos no utilizar\u00e1 armas qu\u00edmicas \u00aben ninguna circunstancia\u00bb, independientemente de lo que pueda perpetrar Rusia en Ucrania.<\/p>\n<p>El presidente norteamericano, Joe Biden, avis\u00f3 el jueves de que responder\u00eda a un hipot\u00e9tico ataque qu\u00edmico ruso, adelantando que lo har\u00eda \u00abdel mismo modo\u00bb. Las palabras utilizadas y la falta de detalles sobre las medidas que est\u00e1n sobre la mesa hab\u00edan generado debate en las \u00faltimas horas.<\/p>\n<p>Sullivan ha advertido en declaraciones a los medios de que Rusia pagar\u00eda \u00abun alto precio\u00bb si acomete ataques nucleares o qu\u00edmicos, en funci\u00f3n tambi\u00e9n del tipo de acci\u00f3n que lleve a cabo. No obstante, ha marcado l\u00edmites: \u00abS\u00f3lo dir\u00e9 que Estados Unidos no intenci\u00f3n de utilizar armas qu\u00edmicas. Punto. En ninguna circunstancia\u00bb.<\/p>\n<p>El presidente ucraniano, Volodimir Zelenski, ha acusado a Rusia de utilizar bombas de f\u00f3sforo en el marco de su ofensiva militar y en Occidente crece el temor a que Rusia recurra a armamento prohibido ante la falta de avances militares, un mes despu\u00e9s del inicio de la invasi\u00f3n.<\/p>\n<p>&nbsp;<\/p>\n<p>Fuente: EUROPA PRESS<\/p>\n","protected":false},"excerpt":{"rendered":"<p>MADRID, (EUROPA PRESS) &#8211; &nbsp; El asesor de Seguridad Nacional <a href=\"https:\/\/sertv.gob.pa\/nacionalfm\/la-casa-blanca-aclara-que-eeuu-no-utilizara-armas-quimicas-en-ninguna-circunstancia\/\"> [&#8230;]<\/a><\/p>\n","protected":false},"author":9,"featured_media":80313,"comment_status":"closed","ping_status":"closed","sticky":false,"template":"","format":"standard","meta":{"footnotes":""},"categories":[3],"tags":[],"class_list":["post-80312","post","type-post","status-publish","format-standard","has-post-thumbnail","hentry","category-internacionales"],"_links":{"self":[{"href":"https:\/\/sertv.gob.pa\/nacionalfm\/wp-json\/wp\/v2\/posts\/80312","targetHints":{"allow":["GET"]}}],"collection":[{"href":"https:\/\/sertv.gob.pa\/nacionalfm\/wp-json\/wp\/v2\/posts"}],"about":[{"href":"https:\/\/sertv.gob.pa\/nacionalfm\/wp-json\/wp\/v2\/types\/post"}],"author":[{"embeddable":true,"href":"https:\/\/sertv.gob.pa\/nacionalfm\/wp-json\/wp\/v2\/users\/9"}],"replies":[{"embeddable":true,"href":"https:\/\/sertv.gob.pa\/nacionalfm\/wp-json\/wp\/v2\/comments?post=80312"}],"version-history":[{"count":1,"href":"https:\/\/sertv.gob.pa\/nacionalfm\/wp-json\/wp\/v2\/posts\/80312\/revisions"}],"predecessor-version":[{"id":80314,"href":"https:\/\/sertv.gob.pa\/nacionalfm\/wp-json\/wp\/v2\/posts\/80312\/revisions\/80314"}],"wp:featuredmedia":[{"embeddable":true,"href":"https:\/\/sertv.gob.pa\/nacionalfm\/wp-json\/wp\/v2\/media\/80313"}],"wp:attachment":[{"href":"https:\/\/sertv.gob.pa\/nacionalfm\/wp-json\/wp\/v2\/media?parent=80312"}],"wp:term":[{"taxonomy":"category","embeddable":true,"href":"https:\/\/sertv.gob.pa\/nacionalfm\/wp-json\/wp\/v2\/categories?post=80312"},{"taxonomy":"post_tag","embeddable":true,"href":"https:\/\/sertv.gob.pa\/nacionalfm\/wp-json\/wp\/v2\/tags?post=80312"}],"curies":[{"name":"wp","href":"https:\/\/api.w.org\/{rel}","templated":true}]}}