{"id":80363,"date":"2022-03-28T19:10:48","date_gmt":"2022-03-28T19:10:48","guid":{"rendered":"https:\/\/sertv.gob.pa\/nacionalfm\/?p=80363"},"modified":"2022-03-28T19:10:48","modified_gmt":"2022-03-28T19:10:48","slug":"reino-unido-acusa-a-rusia-de-secuestrar-a-civiles-inocentes","status":"publish","type":"post","link":"https:\/\/sertv.gob.pa\/nacionalfm\/reino-unido-acusa-a-rusia-de-secuestrar-a-civiles-inocentes\/","title":{"rendered":"Reino Unido acusa a Rusia de \u00absecuestrar a civiles inocentes\u00bb"},"content":{"rendered":"<p><strong><em>MADRID, (EUROPA PRESS) \u2013<\/em><\/strong><\/p>\n<p><strong><em>\u00a0<\/em><\/strong><\/p>\n<p>La Ministra de Asuntos Exteriores brit\u00e1nica, Liz Truss, ha acusado al presidente ruso, Vladimir Putin, de poner en pr\u00e1ctica \u00abt\u00e1cticas abominables\u00bb en Ucrania como el secuestro de civiles inocentes.<\/p>\n<p>\u00abPutin sigue empleando t\u00e1cticas abominables contra el pueblo ucraniano, incluido el secuestro de civiles inocentes. No est\u00e1 logrando sus objetivos y est\u00e1 recurriendo a medidas desesperadas. Putin debe fracasar en Ucrania\u00bb, ha apuntado Truss a trav\u00e9s de Twitter.<\/p>\n<p>El mensaje de Truss era en respuesta a un tuit de la ONG ucraniana de defensa de los Derechos Humanos Zmina. \u00abPutin no puede tomar Ucrania, as\u00ed que est\u00e1 llev\u00e1ndose a su gente. Decenas de civiles han sido secuestrados y miles m\u00e1s han sido deportadas a Rusia\u00bb, ha denunciado el grupo.<\/p>\n<p>\u00abRusia est\u00e1 deteniendo y desapareciendo a civiles para intentar romper la moral del pueblo ucraniano\u00bb, ha afirmado la directora de Zmina, Tetiana Pechonchik, que destaca que este lunes se ha publicado \u00abla primera lista de quienes han sido secuestrados\u00bb.<\/p>\n<p>En concreto, Zmina ha documentado 39 casos de desaparici\u00f3n forzosa y detenci\u00f3n arbitraria en los territorios ucranianos bajo control ruso.<\/p>\n<p>Por otra parte, Truss ha empezado a \u00abno vender a Ucrania\u00bb en las negociaciones con Rusia, que Vladimir Putin \u00abno obtenga r\u00e9ditos de la invasi\u00f3n\u00bb.<\/p>\n<p>\u00abRecordamos el acuerdo de 2014 que no garantiz\u00f3 la seguridad de Ucrania\u00bb, ha apuntado. \u00abPutin ha vuelto a por m\u00e1s. Por eso no podemos permitirle sacar r\u00e9ditos de esta lamentable agresi\u00f3n\u00bb, ha remachado.<\/p>\n<p>&nbsp;<\/p>\n<p>Fuente: EUROPA PRESS<\/p>\n","protected":false},"excerpt":{"rendered":"<p>MADRID, (EUROPA PRESS) \u2013 \u00a0 La Ministra de Asuntos Exteriores <a href=\"https:\/\/sertv.gob.pa\/nacionalfm\/reino-unido-acusa-a-rusia-de-secuestrar-a-civiles-inocentes\/\"> [&#8230;]<\/a><\/p>\n","protected":false},"author":9,"featured_media":80364,"comment_status":"closed","ping_status":"closed","sticky":false,"template":"","format":"standard","meta":{"footnotes":""},"categories":[3],"tags":[],"class_list":["post-80363","post","type-post","status-publish","format-standard","has-post-thumbnail","hentry","category-internacionales"],"_links":{"self":[{"href":"https:\/\/sertv.gob.pa\/nacionalfm\/wp-json\/wp\/v2\/posts\/80363","targetHints":{"allow":["GET"]}}],"collection":[{"href":"https:\/\/sertv.gob.pa\/nacionalfm\/wp-json\/wp\/v2\/posts"}],"about":[{"href":"https:\/\/sertv.gob.pa\/nacionalfm\/wp-json\/wp\/v2\/types\/post"}],"author":[{"embeddable":true,"href":"https:\/\/sertv.gob.pa\/nacionalfm\/wp-json\/wp\/v2\/users\/9"}],"replies":[{"embeddable":true,"href":"https:\/\/sertv.gob.pa\/nacionalfm\/wp-json\/wp\/v2\/comments?post=80363"}],"version-history":[{"count":1,"href":"https:\/\/sertv.gob.pa\/nacionalfm\/wp-json\/wp\/v2\/posts\/80363\/revisions"}],"predecessor-version":[{"id":80365,"href":"https:\/\/sertv.gob.pa\/nacionalfm\/wp-json\/wp\/v2\/posts\/80363\/revisions\/80365"}],"wp:featuredmedia":[{"embeddable":true,"href":"https:\/\/sertv.gob.pa\/nacionalfm\/wp-json\/wp\/v2\/media\/80364"}],"wp:attachment":[{"href":"https:\/\/sertv.gob.pa\/nacionalfm\/wp-json\/wp\/v2\/media?parent=80363"}],"wp:term":[{"taxonomy":"category","embeddable":true,"href":"https:\/\/sertv.gob.pa\/nacionalfm\/wp-json\/wp\/v2\/categories?post=80363"},{"taxonomy":"post_tag","embeddable":true,"href":"https:\/\/sertv.gob.pa\/nacionalfm\/wp-json\/wp\/v2\/tags?post=80363"}],"curies":[{"name":"wp","href":"https:\/\/api.w.org\/{rel}","templated":true}]}}