{"id":80366,"date":"2022-03-28T19:33:35","date_gmt":"2022-03-28T19:33:35","guid":{"rendered":"https:\/\/sertv.gob.pa\/nacionalfm\/?p=80366"},"modified":"2022-03-28T19:33:35","modified_gmt":"2022-03-28T19:33:35","slug":"informan-de-un-tiroteo-en-el-aeropuerto-internacional-de-cancun","status":"publish","type":"post","link":"https:\/\/sertv.gob.pa\/nacionalfm\/informan-de-un-tiroteo-en-el-aeropuerto-internacional-de-cancun\/","title":{"rendered":"Informan de un tiroteo en el Aeropuerto Internacional de Canc\u00fan"},"content":{"rendered":"<p><strong><em>MADRID, (EUROPA PRESS) &#8211;<\/em><\/strong><\/p>\n<p>La autoridad del Aeropuerto Internacional de Canc\u00fan, en la Riviera Maya, ha declarado el C\u00f3digo Rojo como consecuencia de un tiroteo registrado en las instalaciones, concretamente en la Terminal 3 del aeropuerto, de donde parten los vuelos internacionales.<\/p>\n<p>Los disparos han provocado el p\u00e1nico entre los turistas que se encontraban en ese momento en el aeropuerto y algunos de ellos han publicado v\u00eddeos del incidente en redes sociales.<\/p>\n<p>Adem\u00e1s hay viajeros que se encuentran en los aviones sin poder desembarcar ante la situaci\u00f3n de emergencia, seg\u00fan informan medios de comunicaci\u00f3n mexicanos.<\/p>\n<p>Decenas de personas han sido ya desalojadas de la terminal y hay presentes en el lugar elementos de la Guardia Nacional. Por el momento no hay informaci\u00f3n sobre heridos.<\/p>\n<p>&nbsp;<\/p>\n<p>Fuente: EUROPA PRESS<\/p>\n","protected":false},"excerpt":{"rendered":"<p>MADRID, (EUROPA PRESS) &#8211; La autoridad del Aeropuerto Internacional de <a href=\"https:\/\/sertv.gob.pa\/nacionalfm\/informan-de-un-tiroteo-en-el-aeropuerto-internacional-de-cancun\/\"> [&#8230;]<\/a><\/p>\n","protected":false},"author":9,"featured_media":80367,"comment_status":"closed","ping_status":"closed","sticky":false,"template":"","format":"standard","meta":{"footnotes":""},"categories":[3],"tags":[],"class_list":["post-80366","post","type-post","status-publish","format-standard","has-post-thumbnail","hentry","category-internacionales"],"_links":{"self":[{"href":"https:\/\/sertv.gob.pa\/nacionalfm\/wp-json\/wp\/v2\/posts\/80366","targetHints":{"allow":["GET"]}}],"collection":[{"href":"https:\/\/sertv.gob.pa\/nacionalfm\/wp-json\/wp\/v2\/posts"}],"about":[{"href":"https:\/\/sertv.gob.pa\/nacionalfm\/wp-json\/wp\/v2\/types\/post"}],"author":[{"embeddable":true,"href":"https:\/\/sertv.gob.pa\/nacionalfm\/wp-json\/wp\/v2\/users\/9"}],"replies":[{"embeddable":true,"href":"https:\/\/sertv.gob.pa\/nacionalfm\/wp-json\/wp\/v2\/comments?post=80366"}],"version-history":[{"count":1,"href":"https:\/\/sertv.gob.pa\/nacionalfm\/wp-json\/wp\/v2\/posts\/80366\/revisions"}],"predecessor-version":[{"id":80369,"href":"https:\/\/sertv.gob.pa\/nacionalfm\/wp-json\/wp\/v2\/posts\/80366\/revisions\/80369"}],"wp:featuredmedia":[{"embeddable":true,"href":"https:\/\/sertv.gob.pa\/nacionalfm\/wp-json\/wp\/v2\/media\/80367"}],"wp:attachment":[{"href":"https:\/\/sertv.gob.pa\/nacionalfm\/wp-json\/wp\/v2\/media?parent=80366"}],"wp:term":[{"taxonomy":"category","embeddable":true,"href":"https:\/\/sertv.gob.pa\/nacionalfm\/wp-json\/wp\/v2\/categories?post=80366"},{"taxonomy":"post_tag","embeddable":true,"href":"https:\/\/sertv.gob.pa\/nacionalfm\/wp-json\/wp\/v2\/tags?post=80366"}],"curies":[{"name":"wp","href":"https:\/\/api.w.org\/{rel}","templated":true}]}}