{"id":80415,"date":"2022-03-29T19:15:22","date_gmt":"2022-03-29T19:15:22","guid":{"rendered":"https:\/\/sertv.gob.pa\/nacionalfm\/?p=80415"},"modified":"2022-03-29T19:15:22","modified_gmt":"2022-03-29T19:15:22","slug":"eeuu-y-los-aliados-coinciden-en-no-relajarse-frente-a-rusia-hasta-que-el-horror-en-ucrania-llegue-a-su-fin","status":"publish","type":"post","link":"https:\/\/sertv.gob.pa\/nacionalfm\/eeuu-y-los-aliados-coinciden-en-no-relajarse-frente-a-rusia-hasta-que-el-horror-en-ucrania-llegue-a-su-fin\/","title":{"rendered":"EEUU y los aliados coinciden en \u00abno relajarse\u00bb frente a Rusia hasta que el \u00abhorror\u00bb en Ucrania llegue a su fin"},"content":{"rendered":"<p><strong><em>MADRID, (EUROPA PRESS) &#8211;<\/em><\/strong><\/p>\n<p>&nbsp;<\/p>\n<p>Los l\u00edderes de Estados Unidos, Reino Unido, Francia, Alemania e Italia han coincidido este martes en que los aliados occidentales no deben \u00abrelajarse\u00bb frente a Rusia hasta que el \u00abhorror\u00bb en Ucrania termine.<\/p>\n<p>Joe Biden, Boris Johnson, Emmanuel Macron, Olaf Scholz y Mario Draghi han abordado durante la jornada la situaci\u00f3n en Ucrania y han discutido acerca de la necesidad de trabajar unidos para \u00abremodelar\u00bb la arquitectura de energ\u00eda internacional y \u00abreducir\u00bb la dependencia de los hidrocarburos rusos.<\/p>\n<p>Adem\u00e1s, han acordado la necesidad de apoyar a la ciudadan\u00eda ucraniana \u00aben su lucha\u00bb contra \u00abla barbarie\u00bb rusa, seg\u00fan un comunicado difundido por la oficina de Johnson.<\/p>\n<p>El &#8216;premier&#8217; brit\u00e1nico ha destacado los \u00abespantosos\u00bb ataques que se llevan a cabo en ciudades como Mari\u00fapol, que est\u00e1 cercada por las fuerzas rusas y lleva sufriendo bombardeos varias semanas.<\/p>\n<p>De forma paralela, Johnson ha reiterado que la comunidad internacional debe juzgar \u00abal r\u00e9gimen de (el presidente de Rusia, Vladimir) Putin por sus acciones, no por sus palabras\u00bb.<\/p>\n<p>\u00abPutin est\u00e1 retorciendo un cuchillo en la herida abierta de Ucrania en un intento de forzar al pa\u00eds y sus aliados a capitular\u00bb, ha indicado, antes de instar a sus interlocutores a ser \u00abimplacables\u00bb en su respuesta. Los l\u00edderes han acordado mantener un contacto \u00abestrecho\u00bb.<\/p>\n<p>Las v\u00edctimas civiles por la invasi\u00f3n rusa de Ucrania son, hasta el momento, 3.039, seg\u00fan cifras de la Oficina del Alto Comisionado de Naciones Unidas para los Derechos Humanos (ACNUDH), que ha detallado que 1.179 personas han muerto y 1.860 han resultado heridas.<\/p>\n<p>Hasta ahora, m\u00e1s de 3,9 millones de personas han abandonado Ucrania desde que Rusia lanz\u00f3 su ofensiva militar el pasado 24 de febrero, seg\u00fan el Alto Comisionado de la ONU para los Refugiados (ACNUR), que estima que m\u00e1s de diez millones de ucranianos han tenido que abandonar sus hogares en un mes.<\/p>\n<p>&nbsp;<\/p>\n<p>Fuente: EUROPA PRESS<\/p>\n","protected":false},"excerpt":{"rendered":"<p>MADRID, (EUROPA PRESS) &#8211; &nbsp; Los l\u00edderes de Estados Unidos, <a href=\"https:\/\/sertv.gob.pa\/nacionalfm\/eeuu-y-los-aliados-coinciden-en-no-relajarse-frente-a-rusia-hasta-que-el-horror-en-ucrania-llegue-a-su-fin\/\"> [&#8230;]<\/a><\/p>\n","protected":false},"author":9,"featured_media":80416,"comment_status":"closed","ping_status":"closed","sticky":false,"template":"","format":"standard","meta":{"footnotes":""},"categories":[3],"tags":[],"class_list":["post-80415","post","type-post","status-publish","format-standard","has-post-thumbnail","hentry","category-internacionales"],"_links":{"self":[{"href":"https:\/\/sertv.gob.pa\/nacionalfm\/wp-json\/wp\/v2\/posts\/80415","targetHints":{"allow":["GET"]}}],"collection":[{"href":"https:\/\/sertv.gob.pa\/nacionalfm\/wp-json\/wp\/v2\/posts"}],"about":[{"href":"https:\/\/sertv.gob.pa\/nacionalfm\/wp-json\/wp\/v2\/types\/post"}],"author":[{"embeddable":true,"href":"https:\/\/sertv.gob.pa\/nacionalfm\/wp-json\/wp\/v2\/users\/9"}],"replies":[{"embeddable":true,"href":"https:\/\/sertv.gob.pa\/nacionalfm\/wp-json\/wp\/v2\/comments?post=80415"}],"version-history":[{"count":1,"href":"https:\/\/sertv.gob.pa\/nacionalfm\/wp-json\/wp\/v2\/posts\/80415\/revisions"}],"predecessor-version":[{"id":80421,"href":"https:\/\/sertv.gob.pa\/nacionalfm\/wp-json\/wp\/v2\/posts\/80415\/revisions\/80421"}],"wp:featuredmedia":[{"embeddable":true,"href":"https:\/\/sertv.gob.pa\/nacionalfm\/wp-json\/wp\/v2\/media\/80416"}],"wp:attachment":[{"href":"https:\/\/sertv.gob.pa\/nacionalfm\/wp-json\/wp\/v2\/media?parent=80415"}],"wp:term":[{"taxonomy":"category","embeddable":true,"href":"https:\/\/sertv.gob.pa\/nacionalfm\/wp-json\/wp\/v2\/categories?post=80415"},{"taxonomy":"post_tag","embeddable":true,"href":"https:\/\/sertv.gob.pa\/nacionalfm\/wp-json\/wp\/v2\/tags?post=80415"}],"curies":[{"name":"wp","href":"https:\/\/api.w.org\/{rel}","templated":true}]}}