{"id":80451,"date":"2022-03-30T16:17:38","date_gmt":"2022-03-30T16:17:38","guid":{"rendered":"https:\/\/sertv.gob.pa\/nacionalfm\/?p=80451"},"modified":"2022-03-30T16:17:38","modified_gmt":"2022-03-30T16:17:38","slug":"decimo-tercer-lote-de-vacunas-pediatricas-contra-la-covid-19-llega-a-panama","status":"publish","type":"post","link":"https:\/\/sertv.gob.pa\/nacionalfm\/decimo-tercer-lote-de-vacunas-pediatricas-contra-la-covid-19-llega-a-panama\/","title":{"rendered":"D\u00e9cimo tercer lote de vacunas pedi\u00e1tricas contra la COVID-19 llega a Panam\u00e1"},"content":{"rendered":"<p>El d\u00e9cimo tercer lote con 54 mil dosis pedi\u00e1tricas contra la COVID-19, lleg\u00f3 a Panam\u00e1, este mi\u00e9rcoles para continuar con el avance de la estrategia de vacunaci\u00f3n en el territorio nacional emprendida por la Operaci\u00f3n PanavaC-19.<\/p>\n<p>La jornada de vacunaci\u00f3n, continua esta semana, con la aplicaci\u00f3n de dosis contra la COVID-19 a la poblaci\u00f3n pedi\u00e1trica (ni\u00f1os entre 5 y 11 a\u00f1os) a trav\u00e9s del programa de salud escolar en los centros educativos y la colocaci\u00f3n de dosis de refuerzo a las personas a partir de los 16 a\u00f1os en los puntos fijos de vacunaci\u00f3n como centros de salud, policl\u00ednicas, hospitales nacionales y regionales, entre otros.<\/p>\n<p>A trav\u00e9s del programa de salud escolar, se tiene programada la vacunaci\u00f3n en los circuitos 2-3 Cocl\u00e9; 3-2 Costa Arriba y Costa Abajo de Col\u00f3n, 4-2,4-3 y 4-4 en la provincia de Chiriqu\u00ed.<\/p>\n<p>Adem\u00e1s, los equipos de enfermer\u00eda del Ministerio de Salud (MINSA) y de la Caja de Seguro Social (CSS), tienen programado visitar esta semana, 497 escuelas, 444 por el MINSA y 53 por la CSS, para aplicar vacunas contra la COVID-19 y de otras enfermedades transmisibles en todo el territorio nacional. La aplicaci\u00f3n de las dosis a los estudiantes, se aplica previo consentimiento de los padres de familia.<\/p>\n<p>La aplicaci\u00f3n de tercera dosis y dosis de refuerzo, contin\u00faa en los circuitos 1-1 Bocas del Toro; 2-3 Cocl\u00e9; 3-1 Col\u00f3n; 7-1 Los Santos; 8-5 La Chorrera, Panam\u00e1 Oeste; 8-.4 Chepo y 8-9 Panam\u00e1 Norte en la provincia de Panam\u00e1. El Ministerio de Salud, le recuerda a la poblaci\u00f3n <strong>NO BAJAR LA GUARDIA<\/strong> y seguir aplicando las medidas de bioseguridad, como: el uso de la mascarilla, gel alcoholado, pantalla facial en el transporte p\u00fablico de pasajeros, el lavado de manos, distanciamiento f\u00edsico y el uso de alcohol.<\/p>\n<p>La cobertura de la poblaci\u00f3n meta a partir de los 5 a\u00f1os es de 86.8% con primera dosis y 76.3% con segunda dosis y 45.9% con dosis de refuerzo.<\/p>\n<p>En caso de presentar s\u00edntomas relacionados al virus, la persona debe acudir inmediatamente en busca de atenci\u00f3n m\u00e9dica y someterse a una prueba de COVID-19.<\/p>\n<p>Toda informaci\u00f3n oficial referente a la pandemia en Panam\u00e1 y las acciones del Gobierno Nacional, se comunican a trav\u00e9s de las cuentas oficiales del MINSA, en redes sociales y en su p\u00e1gina web (www.minsa.gob.pa).<\/p>\n<p>&nbsp;<\/p>\n<p>Fuente: MINSA<\/p>\n<p>&nbsp;<\/p>\n","protected":false},"excerpt":{"rendered":"<p>El d\u00e9cimo tercer lote con 54 mil dosis pedi\u00e1tricas contra <a href=\"https:\/\/sertv.gob.pa\/nacionalfm\/decimo-tercer-lote-de-vacunas-pediatricas-contra-la-covid-19-llega-a-panama\/\"> [&#8230;]<\/a><\/p>\n","protected":false},"author":9,"featured_media":80452,"comment_status":"closed","ping_status":"closed","sticky":false,"template":"","format":"standard","meta":{"footnotes":""},"categories":[2],"tags":[],"class_list":["post-80451","post","type-post","status-publish","format-standard","has-post-thumbnail","hentry","category-nacionales"],"_links":{"self":[{"href":"https:\/\/sertv.gob.pa\/nacionalfm\/wp-json\/wp\/v2\/posts\/80451","targetHints":{"allow":["GET"]}}],"collection":[{"href":"https:\/\/sertv.gob.pa\/nacionalfm\/wp-json\/wp\/v2\/posts"}],"about":[{"href":"https:\/\/sertv.gob.pa\/nacionalfm\/wp-json\/wp\/v2\/types\/post"}],"author":[{"embeddable":true,"href":"https:\/\/sertv.gob.pa\/nacionalfm\/wp-json\/wp\/v2\/users\/9"}],"replies":[{"embeddable":true,"href":"https:\/\/sertv.gob.pa\/nacionalfm\/wp-json\/wp\/v2\/comments?post=80451"}],"version-history":[{"count":1,"href":"https:\/\/sertv.gob.pa\/nacionalfm\/wp-json\/wp\/v2\/posts\/80451\/revisions"}],"predecessor-version":[{"id":80458,"href":"https:\/\/sertv.gob.pa\/nacionalfm\/wp-json\/wp\/v2\/posts\/80451\/revisions\/80458"}],"wp:featuredmedia":[{"embeddable":true,"href":"https:\/\/sertv.gob.pa\/nacionalfm\/wp-json\/wp\/v2\/media\/80452"}],"wp:attachment":[{"href":"https:\/\/sertv.gob.pa\/nacionalfm\/wp-json\/wp\/v2\/media?parent=80451"}],"wp:term":[{"taxonomy":"category","embeddable":true,"href":"https:\/\/sertv.gob.pa\/nacionalfm\/wp-json\/wp\/v2\/categories?post=80451"},{"taxonomy":"post_tag","embeddable":true,"href":"https:\/\/sertv.gob.pa\/nacionalfm\/wp-json\/wp\/v2\/tags?post=80451"}],"curies":[{"name":"wp","href":"https:\/\/api.w.org\/{rel}","templated":true}]}}