{"id":80464,"date":"2022-03-30T18:13:49","date_gmt":"2022-03-30T18:13:49","guid":{"rendered":"https:\/\/sertv.gob.pa\/nacionalfm\/?p=80464"},"modified":"2022-03-30T18:13:49","modified_gmt":"2022-03-30T18:13:49","slug":"oms-entrega-160-toneladas-de-suministros-medicos-a-ucrania-y-pide-cesar-los-ataques-a-centros-sanitarios","status":"publish","type":"post","link":"https:\/\/sertv.gob.pa\/nacionalfm\/oms-entrega-160-toneladas-de-suministros-medicos-a-ucrania-y-pide-cesar-los-ataques-a-centros-sanitarios\/","title":{"rendered":"OMS entrega 160 toneladas de suministros m\u00e9dicos a Ucrania y pide \u00abcesar los ataques\u00bb a centros sanitarios"},"content":{"rendered":"<p><strong><em>MADRID, (EUROPA PRESS) &#8211;<\/em><\/strong><\/p>\n<p>La Organizaci\u00f3n Mundial de Salud (OMS) ha logrado hacer entrega de 160 toneladas de suministros m\u00e9dicos a Ucrania, donde ya se han registrado un total de 82 ataques a las instalaciones sanitarias, provocando 72 muertes y m\u00e1s de 43 heridos, seg\u00fan ha actualizado el director de la organizaci\u00f3n, Tedros Adhanom.<\/p>\n<p>El director ha intervenido en una rueda de prensa este mi\u00e9rcoles, en la que ha lamentado que la guerra contin\u00fae y ha exigido que \u00abcesen los ataques inmediatamente\u00bb porque \u00abatacar una instituci\u00f3n sanitario es una clara violaci\u00f3n de la Ley Internacional Humanitaria\u00bb. \u00abNo podemos seguir presenciando ataques a las instituciones sanitarias desde el comienzo de la invasi\u00f3n por parte de la Federaci\u00f3n de Rusia\u00bb, ha subrayado.<\/p>\n<p>Adem\u00e1s, Tedros Adhanom ha instado a las autoridades rusas a que permitan la llegada de m\u00e1s suministros m\u00e9dicos, especialmente a las ciudades m\u00e1s golpeadas por la invasi\u00f3n, como Mariupol. \u00abHemos emitido l\u00edneas, directrices y donaciones en las que hemos incluido una lista de suministros cr\u00edticos que se necesitan de una forma apremiante\u00bb, ha precisado.<\/p>\n<p>Por otro lado, ha destacado la situaci\u00f3n que se vive en Afganist\u00e1n, donde tambi\u00e9n ha resaltado que es necesaria la ayuda sanitaria, puesto que \u00abm\u00e1s de 24 millones de personas necesitar\u00e1n asistencia antes de este a\u00f1o\u00bb. El a\u00f1o pasado tuvo lugar, seg\u00fan ha reconocido, diferentes trastornos que se cebaron con los servicios sanitarios, creando un \u00e9xodo de los profesionales, mujeres y ni\u00f1as, quienes est\u00e1n en riesgo \u00abya que no cuentan en algunos casos con acceso a los servicios sanitarios ni a la educaci\u00f3n\u00bb.<\/p>\n<p>\u00abLa poblaci\u00f3n enfrenta problemas como la migraci\u00f3n, las sequ\u00edas, inseguridad alimentaria y malnutrici\u00f3n, adem\u00e1s de la COVID y otros desaf\u00edos sanitarios\u00bb, ha detallado.<\/p>\n<p>Por ello, ha afirmado que se debe invertir en salud y en educaci\u00f3n porque las ni\u00f1as afganas llevan una semana sin poder ir a la escuela al prohib\u00edrselo.<\/p>\n<p>Por \u00faltimo, ha expuesto la situaci\u00f3n que se vive en Etiop\u00eda, donde se realiz\u00f3 recientemente una declaraci\u00f3n de una tregua humanitaria en el Tigray (Etiop\u00eda). Tedros Adhanom ha lamentado que, a pesar de haber pasado unos d\u00edas de ese anuncio, no se ha restaurado los servicios p\u00fablicos, ni la electricidad, ni las telecomunicaciones, ni servicios bancarios o sanitarios.<\/p>\n<p>\u00abCada hora es de suma importancia para aquellos que sufren de malnutrici\u00f3n desde mediados de diciembre. El bloqueo, que lleva m\u00e1s de 500 d\u00edas, es el m\u00e1s largo de la historia moderna\u00bb, ha lamentado.<\/p>\n<p>Este jueves est\u00e1 previsto el env\u00edo de 95 toneladas de suministros para ayudar a la poblaci\u00f3n de dicho pa\u00eds.<\/p>\n<p>&nbsp;<\/p>\n<p>Fuente: EUROPA PRESS<\/p>\n<p>&nbsp;<\/p>\n<p>&nbsp;<\/p>\n","protected":false},"excerpt":{"rendered":"<p>MADRID, (EUROPA PRESS) &#8211; La Organizaci\u00f3n Mundial de Salud (OMS) <a href=\"https:\/\/sertv.gob.pa\/nacionalfm\/oms-entrega-160-toneladas-de-suministros-medicos-a-ucrania-y-pide-cesar-los-ataques-a-centros-sanitarios\/\"> [&#8230;]<\/a><\/p>\n","protected":false},"author":9,"featured_media":80465,"comment_status":"closed","ping_status":"closed","sticky":false,"template":"","format":"standard","meta":{"footnotes":""},"categories":[3],"tags":[],"class_list":["post-80464","post","type-post","status-publish","format-standard","has-post-thumbnail","hentry","category-internacionales"],"_links":{"self":[{"href":"https:\/\/sertv.gob.pa\/nacionalfm\/wp-json\/wp\/v2\/posts\/80464","targetHints":{"allow":["GET"]}}],"collection":[{"href":"https:\/\/sertv.gob.pa\/nacionalfm\/wp-json\/wp\/v2\/posts"}],"about":[{"href":"https:\/\/sertv.gob.pa\/nacionalfm\/wp-json\/wp\/v2\/types\/post"}],"author":[{"embeddable":true,"href":"https:\/\/sertv.gob.pa\/nacionalfm\/wp-json\/wp\/v2\/users\/9"}],"replies":[{"embeddable":true,"href":"https:\/\/sertv.gob.pa\/nacionalfm\/wp-json\/wp\/v2\/comments?post=80464"}],"version-history":[{"count":1,"href":"https:\/\/sertv.gob.pa\/nacionalfm\/wp-json\/wp\/v2\/posts\/80464\/revisions"}],"predecessor-version":[{"id":80466,"href":"https:\/\/sertv.gob.pa\/nacionalfm\/wp-json\/wp\/v2\/posts\/80464\/revisions\/80466"}],"wp:featuredmedia":[{"embeddable":true,"href":"https:\/\/sertv.gob.pa\/nacionalfm\/wp-json\/wp\/v2\/media\/80465"}],"wp:attachment":[{"href":"https:\/\/sertv.gob.pa\/nacionalfm\/wp-json\/wp\/v2\/media?parent=80464"}],"wp:term":[{"taxonomy":"category","embeddable":true,"href":"https:\/\/sertv.gob.pa\/nacionalfm\/wp-json\/wp\/v2\/categories?post=80464"},{"taxonomy":"post_tag","embeddable":true,"href":"https:\/\/sertv.gob.pa\/nacionalfm\/wp-json\/wp\/v2\/tags?post=80464"}],"curies":[{"name":"wp","href":"https:\/\/api.w.org\/{rel}","templated":true}]}}