{"id":80467,"date":"2022-03-30T18:40:22","date_gmt":"2022-03-30T18:40:22","guid":{"rendered":"https:\/\/sertv.gob.pa\/nacionalfm\/?p=80467"},"modified":"2022-03-30T18:40:22","modified_gmt":"2022-03-30T18:40:22","slug":"biden-y-zelenski-exploran-como-proporcionar-mas-ayuda-militar-a-ucrania","status":"publish","type":"post","link":"https:\/\/sertv.gob.pa\/nacionalfm\/biden-y-zelenski-exploran-como-proporcionar-mas-ayuda-militar-a-ucrania\/","title":{"rendered":"Biden y Zelenski exploran c\u00f3mo proporcionar m\u00e1s ayuda militar a Ucrania"},"content":{"rendered":"<p><strong><em>MADRID, (EUROPA PRESS) \u2013<\/em><\/strong><\/p>\n<p><strong><em>\u00a0<\/em><\/strong><\/p>\n<p>Los presidentes de Estados Unidos y Ucrania, Joe Biden y Volodimir Zelenski, respectivamente, han explorado este mi\u00e9rcoles c\u00f3mo proporcionar m\u00e1s ayuda militar a Ucrania, en el marco de la invasi\u00f3n rusa.<\/p>\n<p>Biden y Zelenski han mantenido una conversaci\u00f3n de una hora de duraci\u00f3n en la que han abordado el esfuerzo de Estados Unidos y los aliados para apoyar a Kiev, tambi\u00e9n en materia econ\u00f3mica y humanitaria, y para imponer \u00abcostes severos\u00bb a Rusia por su \u00abbrutal\u00bb agresi\u00f3n contra su pa\u00eds vecino.<\/p>\n<p>As\u00ed, seg\u00fan un comunicado de la Casa Blanca, ambos han abordado c\u00f3mo Estados Unidos \u00abtrabaja sin descanso\u00bb para cumplir con las principales solicitudes de asistencia en materia de seguridad de Ucrania y los \u00abcr\u00edticos\u00bb efectos que han tenido las armas proporcionadas en el conflicto.<\/p>\n<p>Adem\u00e1s han discutido los \u00abcontinuados esfuerzos\u00bb de Estados Unidos y los aliados para \u00abidentificar capacidades adicionales\u00bb con el objetivo de ayudar al Ej\u00e9rcito de Ucrania \u00abpara defender su pa\u00eds\u00bb.<\/p>\n<p>Por otro lado, Biden ha informado a Zelenski de que Estados Unidos busca otorgar al Gobierno de Ucrania 500 millones de d\u00f3lares (m\u00e1s de 448,2 millones de euros) en ayudas presupuestarias directas.<\/p>\n<p>Zelenski, por su parte, ha actualizado a Biden sobre el estado de las negociaciones entre las partes rusa y ucraniana. En un mensaje publicado a trav\u00e9s de su cuenta en la red social Twitter, el presidente ucraniano ha destacado que han evaluado la situaci\u00f3n en el campo de batalla y en la mesa de negociaciones. Adem\u00e1s, han abordado apoyo defensivo \u00abespec\u00edfico\u00bb, un nuevo paquete de sanciones \u00abmejorado\u00bb y m\u00e1s ayuda macrofinanciera y humanitaria.<\/p>\n<p>Biden y Zelenski han mantenido conversaciones regulares desde el comienzo de la invasi\u00f3n rusa y los meses anteriores. La Administraci\u00f3n Biden se ha colocado al frente de los esfuerzos aliados por sancionar a Rusia por sus actos en Ucrania y por prestar asistencia al Gobierno de Zelenski.<\/p>\n<p>&nbsp;<\/p>\n<p>&nbsp;<\/p>\n<p>Fuente: EUROPA PRESS<\/p>\n<p>&nbsp;<\/p>\n<p>&nbsp;<\/p>\n","protected":false},"excerpt":{"rendered":"<p>MADRID, (EUROPA PRESS) \u2013 \u00a0 Los presidentes de Estados Unidos <a href=\"https:\/\/sertv.gob.pa\/nacionalfm\/biden-y-zelenski-exploran-como-proporcionar-mas-ayuda-militar-a-ucrania\/\"> [&#8230;]<\/a><\/p>\n","protected":false},"author":9,"featured_media":80416,"comment_status":"closed","ping_status":"closed","sticky":false,"template":"","format":"standard","meta":{"footnotes":""},"categories":[3],"tags":[],"class_list":["post-80467","post","type-post","status-publish","format-standard","has-post-thumbnail","hentry","category-internacionales"],"_links":{"self":[{"href":"https:\/\/sertv.gob.pa\/nacionalfm\/wp-json\/wp\/v2\/posts\/80467","targetHints":{"allow":["GET"]}}],"collection":[{"href":"https:\/\/sertv.gob.pa\/nacionalfm\/wp-json\/wp\/v2\/posts"}],"about":[{"href":"https:\/\/sertv.gob.pa\/nacionalfm\/wp-json\/wp\/v2\/types\/post"}],"author":[{"embeddable":true,"href":"https:\/\/sertv.gob.pa\/nacionalfm\/wp-json\/wp\/v2\/users\/9"}],"replies":[{"embeddable":true,"href":"https:\/\/sertv.gob.pa\/nacionalfm\/wp-json\/wp\/v2\/comments?post=80467"}],"version-history":[{"count":1,"href":"https:\/\/sertv.gob.pa\/nacionalfm\/wp-json\/wp\/v2\/posts\/80467\/revisions"}],"predecessor-version":[{"id":80469,"href":"https:\/\/sertv.gob.pa\/nacionalfm\/wp-json\/wp\/v2\/posts\/80467\/revisions\/80469"}],"wp:featuredmedia":[{"embeddable":true,"href":"https:\/\/sertv.gob.pa\/nacionalfm\/wp-json\/wp\/v2\/media\/80416"}],"wp:attachment":[{"href":"https:\/\/sertv.gob.pa\/nacionalfm\/wp-json\/wp\/v2\/media?parent=80467"}],"wp:term":[{"taxonomy":"category","embeddable":true,"href":"https:\/\/sertv.gob.pa\/nacionalfm\/wp-json\/wp\/v2\/categories?post=80467"},{"taxonomy":"post_tag","embeddable":true,"href":"https:\/\/sertv.gob.pa\/nacionalfm\/wp-json\/wp\/v2\/tags?post=80467"}],"curies":[{"name":"wp","href":"https:\/\/api.w.org\/{rel}","templated":true}]}}