{"id":8049,"date":"2015-10-09T16:06:40","date_gmt":"2015-10-09T16:06:40","guid":{"rendered":""},"modified":"2015-10-09T16:06:40","modified_gmt":"2015-10-09T16:06:40","slug":"minsa-prohibe-vender-el-farmaco-unamol","status":"publish","type":"post","link":"https:\/\/sertv.gob.pa\/nacionalfm\/minsa-prohibe-vender-el-farmaco-unamol\/","title":{"rendered":"Minsa proh\u00edbe vender el f\u00e1rmaco Unamol"},"content":{"rendered":"<p>\nEl  Ministerio de Salud \u00a0(Minsa)\u00a0prohibi\u00f3 la comercializaci\u00f3n en \u00a0Panam\u00e1 de los medicamentos que contengan el componente qu\u00edmico  Cisaprida . <\/p>\n<p>La informaci\u00f3n fue publicada a trav\u00e9s de la resoluci\u00f3n 454 del 18 de Septiembre de 2015 en la Gaceta Oficial 27885. <\/p>\n<p>La medida, firmada por la Directora Nacional de Farmacias y Drogas del Minsa, Jenny Vergara, precisa que en la actualidad en el pa\u00eds se comercializan 3 medicamentos con este ingrediente activo. <\/p>\n<p>Se trata del medicamento llamado Unamol, que viene en presentaci\u00f3n de comprimidos y suspensi\u00f3n oral. <\/p>\n<p>A partir de la fecha, a estos medicamentos se les cancel\u00f3 el registro sanitario y por tanto no podr\u00e1n comercializarse. <\/p>\n<p>Unamol, sirve para contener el reflujo g\u00e1strico e igualmente para eliminar la constipaci\u00f3n (problemas para eliminar las heces), incrementando o restaurando la motilidad del tracto gastrointestinal. <\/p>\n<p>La cancelaci\u00f3n del registro sanitario obedece a riesgos card\u00edacos. <\/p>\n<p>\u00a0 <\/p>\n","protected":false},"excerpt":{"rendered":"<p>El Ministerio de Salud \u00a0(Minsa)\u00a0prohibi\u00f3 la comercializaci\u00f3n en \u00a0Panam\u00e1 de <a href=\"https:\/\/sertv.gob.pa\/nacionalfm\/minsa-prohibe-vender-el-farmaco-unamol\/\"> [&#8230;]<\/a><\/p>\n","protected":false},"author":1,"featured_media":8050,"comment_status":"closed","ping_status":"closed","sticky":false,"template":"","format":"standard","meta":{"footnotes":""},"categories":[5],"tags":[],"class_list":["post-8049","post","type-post","status-publish","format-standard","has-post-thumbnail","hentry","category-salud"],"_links":{"self":[{"href":"https:\/\/sertv.gob.pa\/nacionalfm\/wp-json\/wp\/v2\/posts\/8049","targetHints":{"allow":["GET"]}}],"collection":[{"href":"https:\/\/sertv.gob.pa\/nacionalfm\/wp-json\/wp\/v2\/posts"}],"about":[{"href":"https:\/\/sertv.gob.pa\/nacionalfm\/wp-json\/wp\/v2\/types\/post"}],"author":[{"embeddable":true,"href":"https:\/\/sertv.gob.pa\/nacionalfm\/wp-json\/wp\/v2\/users\/1"}],"replies":[{"embeddable":true,"href":"https:\/\/sertv.gob.pa\/nacionalfm\/wp-json\/wp\/v2\/comments?post=8049"}],"version-history":[{"count":0,"href":"https:\/\/sertv.gob.pa\/nacionalfm\/wp-json\/wp\/v2\/posts\/8049\/revisions"}],"wp:featuredmedia":[{"embeddable":true,"href":"https:\/\/sertv.gob.pa\/nacionalfm\/wp-json\/wp\/v2\/media\/8050"}],"wp:attachment":[{"href":"https:\/\/sertv.gob.pa\/nacionalfm\/wp-json\/wp\/v2\/media?parent=8049"}],"wp:term":[{"taxonomy":"category","embeddable":true,"href":"https:\/\/sertv.gob.pa\/nacionalfm\/wp-json\/wp\/v2\/categories?post=8049"},{"taxonomy":"post_tag","embeddable":true,"href":"https:\/\/sertv.gob.pa\/nacionalfm\/wp-json\/wp\/v2\/tags?post=8049"}],"curies":[{"name":"wp","href":"https:\/\/api.w.org\/{rel}","templated":true}]}}