{"id":80520,"date":"2022-03-31T19:01:11","date_gmt":"2022-03-31T19:01:11","guid":{"rendered":"https:\/\/sertv.gob.pa\/nacionalfm\/?p=80520"},"modified":"2022-03-31T19:01:11","modified_gmt":"2022-03-31T19:01:11","slug":"el-cicr-prepara-la-ayuda-humanitaria-necesaria-para-atender-a-la-evacuacion-de-civiles-de-mariupol","status":"publish","type":"post","link":"https:\/\/sertv.gob.pa\/nacionalfm\/el-cicr-prepara-la-ayuda-humanitaria-necesaria-para-atender-a-la-evacuacion-de-civiles-de-mariupol\/","title":{"rendered":"El CICR prepara la ayuda humanitaria necesaria para atender a la evacuaci\u00f3n de civiles de Mari\u00fapol"},"content":{"rendered":"<p>Un equipo del Comit\u00e9 Internacional de la Cruz Roja (CICR) se encuentra en Zaporiyia con los art\u00edculos y suministros de ayuda humanitaria necesarios para atender a la evacuaci\u00f3n de civiles prevista para este viernes en Mari\u00fapol.<\/p>\n<p>\u00abPor razones de log\u00edstica y seguridad, el equipo est\u00e1 listo para liderar la operaci\u00f3n de paso seguro ma\u00f1ana viernes, siempre que todas las partes acuerden los t\u00e9rminos exactos, incluida la ruta, la hora de inicio y la duraci\u00f3n\u00bb, ha explicado el CICR en un comunicado.<\/p>\n<p>El organismo ha puesto de manifiesto la elevada importancia de que esta operaci\u00f3n de evacuaci\u00f3n finalmente se concrete y se lleve a cabo pues \u00abde ello depende la vida de decenas de miles de personas en Mari\u00fapol\u00bb.<\/p>\n<p>En este sentido se ha manifestado Lucile Marbeau, una de las integrantes de CICR desplegada sobre el territorio ucraniano y que ha manifestado la confianza de la organizaci\u00f3n para que realmente se pueda \u00abfacilitar un paso seguro para los civiles que desean desesperadamente huir de Mari\u00fapol\u00bb.<\/p>\n<p>\u00abEstamos aqu\u00ed con dos camiones de asistencia (&#8230;) En estos camiones, hay alimentos, medicinas, art\u00edculos de socorro para aquellos civiles que decidan quedarse en Mariupol y que necesitar\u00e1n ser protegidos y contar con ayuda humanitaria\u00bb, ha subrayado Marbeau.<\/p>\n<p>Finalmente, desde el CICR han incidido en que esta operaci\u00f3n es \u00abcr\u00edtica\u00bb pues consideran que \u00abel tiempo se acaba para los civiles en Mari\u00fapol y en otras \u00e1reas de primera l\u00ednea que llevan semanas sin asistencia humanitaria\u00bb.<\/p>\n<p>As\u00ed pues, para que el proceso llegue a buen puerto, el Comit\u00e9 Internacional de la Cruz Roja ha instado a las fuerzas militares del pa\u00eds a que brinden \u00ablas garant\u00edas de seguridad y acuerdos pr\u00e1cticos\u00bb necesarios para que se garantice la entrada de ayuda y la salida segura de aquellos que deciden huir de Ucrania.<\/p>\n<p>&nbsp;<\/p>\n<p>Fuente: EUROPA PRESS<\/p>\n","protected":false},"excerpt":{"rendered":"<p>Un equipo del Comit\u00e9 Internacional de la Cruz Roja (CICR) <a href=\"https:\/\/sertv.gob.pa\/nacionalfm\/el-cicr-prepara-la-ayuda-humanitaria-necesaria-para-atender-a-la-evacuacion-de-civiles-de-mariupol\/\"> [&#8230;]<\/a><\/p>\n","protected":false},"author":9,"featured_media":80521,"comment_status":"closed","ping_status":"closed","sticky":false,"template":"","format":"standard","meta":{"footnotes":""},"categories":[3],"tags":[],"class_list":["post-80520","post","type-post","status-publish","format-standard","has-post-thumbnail","hentry","category-internacionales"],"_links":{"self":[{"href":"https:\/\/sertv.gob.pa\/nacionalfm\/wp-json\/wp\/v2\/posts\/80520","targetHints":{"allow":["GET"]}}],"collection":[{"href":"https:\/\/sertv.gob.pa\/nacionalfm\/wp-json\/wp\/v2\/posts"}],"about":[{"href":"https:\/\/sertv.gob.pa\/nacionalfm\/wp-json\/wp\/v2\/types\/post"}],"author":[{"embeddable":true,"href":"https:\/\/sertv.gob.pa\/nacionalfm\/wp-json\/wp\/v2\/users\/9"}],"replies":[{"embeddable":true,"href":"https:\/\/sertv.gob.pa\/nacionalfm\/wp-json\/wp\/v2\/comments?post=80520"}],"version-history":[{"count":1,"href":"https:\/\/sertv.gob.pa\/nacionalfm\/wp-json\/wp\/v2\/posts\/80520\/revisions"}],"predecessor-version":[{"id":80523,"href":"https:\/\/sertv.gob.pa\/nacionalfm\/wp-json\/wp\/v2\/posts\/80520\/revisions\/80523"}],"wp:featuredmedia":[{"embeddable":true,"href":"https:\/\/sertv.gob.pa\/nacionalfm\/wp-json\/wp\/v2\/media\/80521"}],"wp:attachment":[{"href":"https:\/\/sertv.gob.pa\/nacionalfm\/wp-json\/wp\/v2\/media?parent=80520"}],"wp:term":[{"taxonomy":"category","embeddable":true,"href":"https:\/\/sertv.gob.pa\/nacionalfm\/wp-json\/wp\/v2\/categories?post=80520"},{"taxonomy":"post_tag","embeddable":true,"href":"https:\/\/sertv.gob.pa\/nacionalfm\/wp-json\/wp\/v2\/tags?post=80520"}],"curies":[{"name":"wp","href":"https:\/\/api.w.org\/{rel}","templated":true}]}}