{"id":80588,"date":"2022-04-01T19:18:07","date_gmt":"2022-04-01T19:18:07","guid":{"rendered":"https:\/\/sertv.gob.pa\/nacionalfm\/?p=80588"},"modified":"2022-04-01T19:18:07","modified_gmt":"2022-04-01T19:18:07","slug":"cruz-roja-confirma-que-ha-sido-incapaz-de-acceder-a-mariupol-y-lo-intentara-este-sabado-de-nuevo","status":"publish","type":"post","link":"https:\/\/sertv.gob.pa\/nacionalfm\/cruz-roja-confirma-que-ha-sido-incapaz-de-acceder-a-mariupol-y-lo-intentara-este-sabado-de-nuevo\/","title":{"rendered":"Cruz Roja confirma que ha sido \u00abincapaz\u00bb de acceder a Mari\u00fapol y lo intentar\u00e1 este s\u00e1bado de nuevo"},"content":{"rendered":"<p><strong><em>MADRID, (EUROPA PRESS) \u2013<\/em><\/strong><\/p>\n<p><strong><em>\u00a0<\/em><\/strong><\/p>\n<p>El Comit\u00e9 Internacional de la Cruz Roja (CICR) ha confirmado este viernes que ha sido \u00abincapaz\u00bb de acceder a la ciudad de Mari\u00fapol, donde iba a asistir la evacuaci\u00f3n de miles de civiles, pero ha asegurado que lo intentar\u00e1 este s\u00e1bado de nuevo.<\/p>\n<p>El CICR ya hab\u00eda alertado horas antes de que exist\u00edan \u00abgrandes obst\u00e1culos\u00bb para evacuar a los civiles de la ciudad ucraniana, que contin\u00faa bajo asedio de las tropas rusas. Estaba previsto que tres veh\u00edculos de la ONG salieran este viernes de Mari\u00fapol para escoltar un convoy con doce autobuses y veh\u00edculos privados con residentes a bordo.<\/p>\n<p>Sin embargo, el CICR, cuyo equipo esta formado por nueve personas, ha detallado en un comunicado que el personal ha tenido que volver a Zaporiyia, despu\u00e9s de que \u00ablas condiciones\u00bb sobre el terreno hayan hecho \u00abimposible\u00bb la tarea.<\/p>\n<p>La organizaci\u00f3n ha recordado que, para que la evacuaci\u00f3n tenga \u00e9xito, es \u00abcr\u00edtico\u00bb que las partes en conflicto respeten los acuerdos alcanzados y proporcionen las condiciones y las garant\u00edas de seguridad necesarias para llevarla a cabo. Por \u00faltimo, ha insistido en su car\u00e1cter de \u00abintermediario neutral\u00bb.<\/p>\n<p>Las autoridades de Mari\u00fapol han denunciado durante la jornada que algunas de las rutas designadas para la evacuaci\u00f3n siguen bloqueadas por las fuerzas rusas.<\/p>\n<p>&nbsp;<\/p>\n<p>Fuente: EUROPA PRESS<\/p>\n","protected":false},"excerpt":{"rendered":"<p>MADRID, (EUROPA PRESS) \u2013 \u00a0 El Comit\u00e9 Internacional de la <a href=\"https:\/\/sertv.gob.pa\/nacionalfm\/cruz-roja-confirma-que-ha-sido-incapaz-de-acceder-a-mariupol-y-lo-intentara-este-sabado-de-nuevo\/\"> [&#8230;]<\/a><\/p>\n","protected":false},"author":9,"featured_media":80589,"comment_status":"closed","ping_status":"closed","sticky":false,"template":"","format":"standard","meta":{"footnotes":""},"categories":[3],"tags":[],"class_list":["post-80588","post","type-post","status-publish","format-standard","has-post-thumbnail","hentry","category-internacionales"],"_links":{"self":[{"href":"https:\/\/sertv.gob.pa\/nacionalfm\/wp-json\/wp\/v2\/posts\/80588","targetHints":{"allow":["GET"]}}],"collection":[{"href":"https:\/\/sertv.gob.pa\/nacionalfm\/wp-json\/wp\/v2\/posts"}],"about":[{"href":"https:\/\/sertv.gob.pa\/nacionalfm\/wp-json\/wp\/v2\/types\/post"}],"author":[{"embeddable":true,"href":"https:\/\/sertv.gob.pa\/nacionalfm\/wp-json\/wp\/v2\/users\/9"}],"replies":[{"embeddable":true,"href":"https:\/\/sertv.gob.pa\/nacionalfm\/wp-json\/wp\/v2\/comments?post=80588"}],"version-history":[{"count":1,"href":"https:\/\/sertv.gob.pa\/nacionalfm\/wp-json\/wp\/v2\/posts\/80588\/revisions"}],"predecessor-version":[{"id":80590,"href":"https:\/\/sertv.gob.pa\/nacionalfm\/wp-json\/wp\/v2\/posts\/80588\/revisions\/80590"}],"wp:featuredmedia":[{"embeddable":true,"href":"https:\/\/sertv.gob.pa\/nacionalfm\/wp-json\/wp\/v2\/media\/80589"}],"wp:attachment":[{"href":"https:\/\/sertv.gob.pa\/nacionalfm\/wp-json\/wp\/v2\/media?parent=80588"}],"wp:term":[{"taxonomy":"category","embeddable":true,"href":"https:\/\/sertv.gob.pa\/nacionalfm\/wp-json\/wp\/v2\/categories?post=80588"},{"taxonomy":"post_tag","embeddable":true,"href":"https:\/\/sertv.gob.pa\/nacionalfm\/wp-json\/wp\/v2\/tags?post=80588"}],"curies":[{"name":"wp","href":"https:\/\/api.w.org\/{rel}","templated":true}]}}