{"id":80591,"date":"2022-04-01T19:30:35","date_gmt":"2022-04-01T19:30:35","guid":{"rendered":"https:\/\/sertv.gob.pa\/nacionalfm\/?p=80591"},"modified":"2022-04-01T19:32:02","modified_gmt":"2022-04-01T19:32:02","slug":"betancourt-y-uribe-intercambian-halagos-a-un-mes-de-las-elecciones-en-colombia","status":"publish","type":"post","link":"https:\/\/sertv.gob.pa\/nacionalfm\/betancourt-y-uribe-intercambian-halagos-a-un-mes-de-las-elecciones-en-colombia\/","title":{"rendered":"Betancourt y Uribe intercambian halagos a un mes de las elecciones en Colombia"},"content":{"rendered":"<p><strong><em>MADRID, (EUROPA PRESS) &#8211;<\/em><\/strong><\/p>\n<p>&nbsp;<\/p>\n<p>El expresidente de Colombia \u00c1lvaro Uribe (2002-2010) y la candidata presidencial por Verde Ox\u00edgeno, Ingrid Betancourt, han intercambiado halagos en las \u00faltimas horas, dejando la puerta abierta a una posible de cara a las elecciones de mayo.<\/p>\n<p>Uribe ha se\u00f1alado este viernes a trav\u00e9s de su perfil de Twitter que se siente \u00abagradecido\u00bb por las palabras que Betancourt le dedic\u00f3 horas antes a trav\u00e9s de un comunicado en el que le mostraba su \u00abgratitud\u00bb puesto que el operativo militar que la rescat\u00f3 de su cautiverio se produjo con \u00e9l de presidente.<\/p>\n<p>\u00abLe debo mi libertad\u00bb, ha destacado Betancourt en un escrito del que se han hecho eco medios colombianos, en el que ha enfatizado la necesidad tambi\u00e9n de \u00abampliar la posibilidad de dialogar con todo el mundo\u00bb.<\/p>\n<p>\u00ab\u00c9l en este momento est\u00e1 en una situaci\u00f3n complicada; todo el mundo lo rechaza. Yo creo que para nosotros tambi\u00e9n es importante, si hay una voluntad de acabar con las maquinarias, que venga de cualquier nivel o espectro ideol\u00f3gico\u00bb, ha dicho Betancourt.<\/p>\n<p>\u00abHemos tenido contactos con el Centro Democr\u00e1tico; la verdad, para nosotros la frontera roja son las maquinarias. Esos son debates que tendr\u00e1n ellos internamente, pero yo s\u00ed aspiro que en estas elecciones podamos construir un frente unido para el pa\u00eds, dejando las maquinarias de lado y ofreci\u00e9ndole a Colombia una opci\u00f3n\u00bb, ha insistido.<\/p>\n<p>Poco despu\u00e9s el expresidente Uribe ha utilizado redes sociales para recoger el guante y destacar que es \u00abmuy importante avanzar en el di\u00e1logo con ella, su equipo y el Centro Democr\u00e1tico\u00bb.<\/p>\n<p>El 29 de mayo se celebra en Colombia la primera vuelta de las elecciones generales, en las que el candidato de Pacto Hist\u00f3rico, Gustavo Petro, parte como principal y claro favorito, seg\u00fan una encuesta publicada hace una semanas por el diario &#8216;El Espectador&#8217;.<\/p>\n<p>Petro se impondr\u00eda en todos los escenario de manera tan clara que hace posible pensar que la segunda vuelta prevista para el 19 de junio ya no se celebrar\u00eda. En todos los escenarios planteados frente al resto de candidatos ganar\u00eda, con cifras en torno al 43,5 y 47,6 por ciento.<\/p>\n<p>Fuente: EUROPA PRESS<\/p>\n","protected":false},"excerpt":{"rendered":"<p>MADRID, (EUROPA PRESS) &#8211; &nbsp; El expresidente de Colombia \u00c1lvaro <a href=\"https:\/\/sertv.gob.pa\/nacionalfm\/betancourt-y-uribe-intercambian-halagos-a-un-mes-de-las-elecciones-en-colombia\/\"> [&#8230;]<\/a><\/p>\n","protected":false},"author":9,"featured_media":80592,"comment_status":"closed","ping_status":"closed","sticky":false,"template":"","format":"standard","meta":{"footnotes":""},"categories":[3],"tags":[],"class_list":["post-80591","post","type-post","status-publish","format-standard","has-post-thumbnail","hentry","category-internacionales"],"_links":{"self":[{"href":"https:\/\/sertv.gob.pa\/nacionalfm\/wp-json\/wp\/v2\/posts\/80591","targetHints":{"allow":["GET"]}}],"collection":[{"href":"https:\/\/sertv.gob.pa\/nacionalfm\/wp-json\/wp\/v2\/posts"}],"about":[{"href":"https:\/\/sertv.gob.pa\/nacionalfm\/wp-json\/wp\/v2\/types\/post"}],"author":[{"embeddable":true,"href":"https:\/\/sertv.gob.pa\/nacionalfm\/wp-json\/wp\/v2\/users\/9"}],"replies":[{"embeddable":true,"href":"https:\/\/sertv.gob.pa\/nacionalfm\/wp-json\/wp\/v2\/comments?post=80591"}],"version-history":[{"count":1,"href":"https:\/\/sertv.gob.pa\/nacionalfm\/wp-json\/wp\/v2\/posts\/80591\/revisions"}],"predecessor-version":[{"id":80593,"href":"https:\/\/sertv.gob.pa\/nacionalfm\/wp-json\/wp\/v2\/posts\/80591\/revisions\/80593"}],"wp:featuredmedia":[{"embeddable":true,"href":"https:\/\/sertv.gob.pa\/nacionalfm\/wp-json\/wp\/v2\/media\/80592"}],"wp:attachment":[{"href":"https:\/\/sertv.gob.pa\/nacionalfm\/wp-json\/wp\/v2\/media?parent=80591"}],"wp:term":[{"taxonomy":"category","embeddable":true,"href":"https:\/\/sertv.gob.pa\/nacionalfm\/wp-json\/wp\/v2\/categories?post=80591"},{"taxonomy":"post_tag","embeddable":true,"href":"https:\/\/sertv.gob.pa\/nacionalfm\/wp-json\/wp\/v2\/tags?post=80591"}],"curies":[{"name":"wp","href":"https:\/\/api.w.org\/{rel}","templated":true}]}}