{"id":8063,"date":"2015-10-09T18:55:32","date_gmt":"2015-10-09T18:55:32","guid":{"rendered":""},"modified":"2015-10-09T18:55:32","modified_gmt":"2015-10-09T18:55:32","slug":"piscina-municipal-de-santiago-convertida-en-criadero-de-mosquitos","status":"publish","type":"post","link":"https:\/\/sertv.gob.pa\/nacionalfm\/piscina-municipal-de-santiago-convertida-en-criadero-de-mosquitos\/","title":{"rendered":"Piscina Municipal de Santiago convertida en criadero de mosquitos"},"content":{"rendered":"<p>\nLos mosquitos est\u00e1n que no se soportan a cualquier hora del d\u00eda y de la noche en pleno centro de la ciudad de Santiago. <\/p>\n<p>Habitantes de la avenida Sur, entre ellos Dayra Corrales, vocera de los residentes, informaron que el problema surge porque la piscina municipal est\u00e1 abandonada y contiene aguas estancadas, por lo que es el principal foco de criaderos de mosquitos y ratas en ese sector y en la avenida Central. <\/p>\n<p>El Ministerio de Salud de Veraguas, a cargo del doctor Germ\u00e1n Sol\u00eds, comunic\u00f3 que las autoridades alcaldicias deben resolver este asunto lo antes posible ya que la presencia de los mosquitos est\u00e1 ocasionando problemas en la salud de la poblaci\u00f3n. <\/p>\n<p>\u00a0 <\/p>\n<p>\u00a0 <\/p>\n","protected":false},"excerpt":{"rendered":"<p>Los mosquitos est\u00e1n que no se soportan a cualquier hora <a href=\"https:\/\/sertv.gob.pa\/nacionalfm\/piscina-municipal-de-santiago-convertida-en-criadero-de-mosquitos\/\"> [&#8230;]<\/a><\/p>\n","protected":false},"author":1,"featured_media":8064,"comment_status":"closed","ping_status":"closed","sticky":false,"template":"","format":"standard","meta":{"footnotes":""},"categories":[5],"tags":[],"class_list":["post-8063","post","type-post","status-publish","format-standard","has-post-thumbnail","hentry","category-salud"],"_links":{"self":[{"href":"https:\/\/sertv.gob.pa\/nacionalfm\/wp-json\/wp\/v2\/posts\/8063","targetHints":{"allow":["GET"]}}],"collection":[{"href":"https:\/\/sertv.gob.pa\/nacionalfm\/wp-json\/wp\/v2\/posts"}],"about":[{"href":"https:\/\/sertv.gob.pa\/nacionalfm\/wp-json\/wp\/v2\/types\/post"}],"author":[{"embeddable":true,"href":"https:\/\/sertv.gob.pa\/nacionalfm\/wp-json\/wp\/v2\/users\/1"}],"replies":[{"embeddable":true,"href":"https:\/\/sertv.gob.pa\/nacionalfm\/wp-json\/wp\/v2\/comments?post=8063"}],"version-history":[{"count":0,"href":"https:\/\/sertv.gob.pa\/nacionalfm\/wp-json\/wp\/v2\/posts\/8063\/revisions"}],"wp:featuredmedia":[{"embeddable":true,"href":"https:\/\/sertv.gob.pa\/nacionalfm\/wp-json\/wp\/v2\/media\/8064"}],"wp:attachment":[{"href":"https:\/\/sertv.gob.pa\/nacionalfm\/wp-json\/wp\/v2\/media?parent=8063"}],"wp:term":[{"taxonomy":"category","embeddable":true,"href":"https:\/\/sertv.gob.pa\/nacionalfm\/wp-json\/wp\/v2\/categories?post=8063"},{"taxonomy":"post_tag","embeddable":true,"href":"https:\/\/sertv.gob.pa\/nacionalfm\/wp-json\/wp\/v2\/tags?post=8063"}],"curies":[{"name":"wp","href":"https:\/\/api.w.org\/{rel}","templated":true}]}}