{"id":80645,"date":"2022-04-04T18:34:54","date_gmt":"2022-04-04T18:34:54","guid":{"rendered":"https:\/\/sertv.gob.pa\/nacionalfm\/?p=80645"},"modified":"2022-04-04T18:34:54","modified_gmt":"2022-04-04T18:34:54","slug":"msf-pone-en-marcha-un-tren-medicalizado-para-enviar-heridos-del-este-al-oeste-de-ucrania","status":"publish","type":"post","link":"https:\/\/sertv.gob.pa\/nacionalfm\/msf-pone-en-marcha-un-tren-medicalizado-para-enviar-heridos-del-este-al-oeste-de-ucrania\/","title":{"rendered":"MSF pone en marcha un tren medicalizado para enviar heridos del este al oeste de Ucrania"},"content":{"rendered":"<p><strong><em>MADRID, (EUROPA PRESS) \u2013<\/em><\/strong><\/p>\n<p><strong><em>\u00a0<\/em><\/strong><\/p>\n<p>La organizaci\u00f3n humanitaria M\u00e9dicos Sin Fronteras (MSF) ha puesto en funcionamiento un tren medicalizado para evacuar a heridos desde el este de Ucrania, donde son m\u00e1s intensos los combates con las tropas rusas, hacia el oeste del territorio del pa\u00eds.<\/p>\n<p>En concreto el convoy cuenta con dos vagones que MSF ha desarrollado conjuntamente con los ferrocarriles ucranianos.<\/p>\n<p>\u00abNueve pacientes con heridas graves pero estables llegaron el viernes a Le\u00f3polis desde Zaporiyia en la primera evacuaci\u00f3n m\u00e9dica realizada por la organizaci\u00f3n en tren\u00bb, ha destacado la organizaci\u00f3n. La mayor\u00eda de los pacientes hab\u00edan sido heridos en Mari\u00fapol o mientras intentaban escapar de la ciudad.<\/p>\n<p>El viaje en tren dur\u00f3 casi 24 horas y los pacientes fueron acompa\u00f1ados por un equipo de nueve sanitarios de MSF. La organizaci\u00f3n est\u00e1 trabajando para acondicionar un tren m\u00e1s grande y m\u00e1s medios.<\/p>\n<p>El objetivo es liberar camas de hospital en las regiones m\u00e1s cercanas al frente, pero los sanitarios han tenido que realizar evaluaciones muy concienzudas porque los pacientes m\u00e1s graves no pueden soportar un traslado en tren de m\u00e1s de 20 horas sin servicios de unidad de cuidados intensivos y por ello se han descartado algunos de los casos m\u00e1s graves, como el de un ni\u00f1o con graves heridas en el abdomen.<\/p>\n<p>&nbsp;<\/p>\n<p>Fuente: EUROPA PRESS<\/p>\n","protected":false},"excerpt":{"rendered":"<p>MADRID, (EUROPA PRESS) \u2013 \u00a0 La organizaci\u00f3n humanitaria M\u00e9dicos Sin <a href=\"https:\/\/sertv.gob.pa\/nacionalfm\/msf-pone-en-marcha-un-tren-medicalizado-para-enviar-heridos-del-este-al-oeste-de-ucrania\/\"> [&#8230;]<\/a><\/p>\n","protected":false},"author":9,"featured_media":80646,"comment_status":"closed","ping_status":"closed","sticky":false,"template":"","format":"standard","meta":{"footnotes":""},"categories":[3],"tags":[],"class_list":["post-80645","post","type-post","status-publish","format-standard","has-post-thumbnail","hentry","category-internacionales"],"_links":{"self":[{"href":"https:\/\/sertv.gob.pa\/nacionalfm\/wp-json\/wp\/v2\/posts\/80645","targetHints":{"allow":["GET"]}}],"collection":[{"href":"https:\/\/sertv.gob.pa\/nacionalfm\/wp-json\/wp\/v2\/posts"}],"about":[{"href":"https:\/\/sertv.gob.pa\/nacionalfm\/wp-json\/wp\/v2\/types\/post"}],"author":[{"embeddable":true,"href":"https:\/\/sertv.gob.pa\/nacionalfm\/wp-json\/wp\/v2\/users\/9"}],"replies":[{"embeddable":true,"href":"https:\/\/sertv.gob.pa\/nacionalfm\/wp-json\/wp\/v2\/comments?post=80645"}],"version-history":[{"count":1,"href":"https:\/\/sertv.gob.pa\/nacionalfm\/wp-json\/wp\/v2\/posts\/80645\/revisions"}],"predecessor-version":[{"id":80647,"href":"https:\/\/sertv.gob.pa\/nacionalfm\/wp-json\/wp\/v2\/posts\/80645\/revisions\/80647"}],"wp:featuredmedia":[{"embeddable":true,"href":"https:\/\/sertv.gob.pa\/nacionalfm\/wp-json\/wp\/v2\/media\/80646"}],"wp:attachment":[{"href":"https:\/\/sertv.gob.pa\/nacionalfm\/wp-json\/wp\/v2\/media?parent=80645"}],"wp:term":[{"taxonomy":"category","embeddable":true,"href":"https:\/\/sertv.gob.pa\/nacionalfm\/wp-json\/wp\/v2\/categories?post=80645"},{"taxonomy":"post_tag","embeddable":true,"href":"https:\/\/sertv.gob.pa\/nacionalfm\/wp-json\/wp\/v2\/tags?post=80645"}],"curies":[{"name":"wp","href":"https:\/\/api.w.org\/{rel}","templated":true}]}}