{"id":80648,"date":"2022-04-04T19:21:20","date_gmt":"2022-04-04T19:21:20","guid":{"rendered":"https:\/\/sertv.gob.pa\/nacionalfm\/?p=80648"},"modified":"2022-04-04T19:21:20","modified_gmt":"2022-04-04T19:21:20","slug":"el-consejo-seguridad-de-la-onu-se-reunira-este-martes-para-tratar-las-masacres-en-ucrania","status":"publish","type":"post","link":"https:\/\/sertv.gob.pa\/nacionalfm\/el-consejo-seguridad-de-la-onu-se-reunira-este-martes-para-tratar-las-masacres-en-ucrania\/","title":{"rendered":"El Consejo Seguridad de la ONU se reunir\u00e1 este martes para tratar las masacres en Ucrania"},"content":{"rendered":"<p><strong>\u00a0<\/strong><\/p>\n<p><strong><em>MADRID, (EUROPA PRESS) \u2013<\/em><\/strong><\/p>\n<p><strong><em>\u00a0<\/em><\/strong><\/p>\n<p>La embajadora de Reino Unido ante la ONU, Barbara Woodward, ha anunciado este lunes que el Consejo de Seguridad tratar\u00e1 este martes las \u00abpruebas de cr\u00edmenes de guerra\u00bb en Ucrania, incluidos los de la localidad de Bucha, a las afueras de Kiev, donde han aparecido cientos de cad\u00e1veres tras la retirada de las fuerzas rusas.<\/p>\n<p>\u00abVamos a convocar un Consejo para ma\u00f1ana (martes) sobre Ucrania, para abordar las crecientes pruebas de cr\u00edmenes de guerra, incluidos los de Bucha\u00bb, ha explicado Woodward en un mensaje publicado en Twitter. Reino Unido tiene la presidencia de turno del Consejo de Seguridad durante el mes de abril y por tanto la potestad de convocar al organismo.<\/p>\n<p>En particular, Woodward se ha referido a las \u00abdesgarradoras\u00bb im\u00e1genes publicadas este fin de semana de cad\u00e1veres de personas maniatadas con heridas de bala, \u00abciviles desarmados\u00bb, seg\u00fan la diplom\u00e1tica brit\u00e1nica.<\/p>\n<p>\u00abHan dejado m\u00e1s de 800 cad\u00e1veres en las calles y en fosas comunes. Hay mujeres que han sido violadas frente a sus hijos\u00bb, ha destacado. Las autoridades ucranianas han informado de 410 cuerpos en las zonas recuperadas por las tropas ucranianas en las inmediaciones de Kiev.<\/p>\n<p>\u00abVamos a aprovechar nuestra presidencia para garantizar que haya transparencia, rendici\u00f3n de cuentas y justicia\u00bb, ha explicado Woodward.<\/p>\n<p>La cita anunciada por Reino Unido estaba prevista con anterioridad y se produce despu\u00e9s de las insistentes peticiones de Rusia para tratar la situaci\u00f3n en Bucha este mismo lunes, seg\u00fan ha explicado este lunes el ministro de Asuntos Exteriores ruso, Sergei Lavrov.<\/p>\n<p>\u00abAyer (domingo) pedimos una reuni\u00f3n del Consejo de Seguridad de la ONU, (pero) nuestros colegas brit\u00e1nicos, que presiden ahora el Consejo de Seguridad, se negaron. Tambi\u00e9n lo hemos intentado hoy, sin \u00e9xito\u00bb, ha indicado Lavrov en declaraciones recogidas por la agencia de noticias rusa Interfax.<\/p>\n<p>\u00abDicen que ma\u00f1ana quieren tratar la situaci\u00f3n en Ucrania en todos sus aspectos\u00bb, ha indicado el jefe de la diplomacia rusa, que cree que \u00abconociendo la diplomacia brit\u00e1nica, querr\u00e1n disolver esta falsificaci\u00f3n de la ciudad de Bucha con argumentos demag\u00f3gicos sobre la naturaleza de la crisis ucraniana\u00bb.<\/p>\n<p>Previamente, el portavoz del Kremlin, Dimitri Peskov, ha anunciado que presentar\u00e1n en una rueda de prensa en Nueva York \u00abmaterial detallado que demuestra la verdadera naturaleza de lo que ha pasado\u00bb en Bucha.<\/p>\n<p>\u00abVamos a insistir en que los cr\u00edmenes cometidos por las Fuerzas Armadas de Ucrania, dirigidas por nacionalistas, por los batallones neonazis, no queden sin consecuencias\u00bb, ha destacado.<\/p>\n<p>&nbsp;<\/p>\n<p>Fuente: EUROPA PRESS<\/p>\n","protected":false},"excerpt":{"rendered":"<p>\u00a0 MADRID, (EUROPA PRESS) \u2013 \u00a0 La embajadora de Reino <a href=\"https:\/\/sertv.gob.pa\/nacionalfm\/el-consejo-seguridad-de-la-onu-se-reunira-este-martes-para-tratar-las-masacres-en-ucrania\/\"> [&#8230;]<\/a><\/p>\n","protected":false},"author":9,"featured_media":80650,"comment_status":"closed","ping_status":"closed","sticky":false,"template":"","format":"standard","meta":{"footnotes":""},"categories":[3],"tags":[],"class_list":["post-80648","post","type-post","status-publish","format-standard","has-post-thumbnail","hentry","category-internacionales"],"_links":{"self":[{"href":"https:\/\/sertv.gob.pa\/nacionalfm\/wp-json\/wp\/v2\/posts\/80648","targetHints":{"allow":["GET"]}}],"collection":[{"href":"https:\/\/sertv.gob.pa\/nacionalfm\/wp-json\/wp\/v2\/posts"}],"about":[{"href":"https:\/\/sertv.gob.pa\/nacionalfm\/wp-json\/wp\/v2\/types\/post"}],"author":[{"embeddable":true,"href":"https:\/\/sertv.gob.pa\/nacionalfm\/wp-json\/wp\/v2\/users\/9"}],"replies":[{"embeddable":true,"href":"https:\/\/sertv.gob.pa\/nacionalfm\/wp-json\/wp\/v2\/comments?post=80648"}],"version-history":[{"count":1,"href":"https:\/\/sertv.gob.pa\/nacionalfm\/wp-json\/wp\/v2\/posts\/80648\/revisions"}],"predecessor-version":[{"id":80651,"href":"https:\/\/sertv.gob.pa\/nacionalfm\/wp-json\/wp\/v2\/posts\/80648\/revisions\/80651"}],"wp:featuredmedia":[{"embeddable":true,"href":"https:\/\/sertv.gob.pa\/nacionalfm\/wp-json\/wp\/v2\/media\/80650"}],"wp:attachment":[{"href":"https:\/\/sertv.gob.pa\/nacionalfm\/wp-json\/wp\/v2\/media?parent=80648"}],"wp:term":[{"taxonomy":"category","embeddable":true,"href":"https:\/\/sertv.gob.pa\/nacionalfm\/wp-json\/wp\/v2\/categories?post=80648"},{"taxonomy":"post_tag","embeddable":true,"href":"https:\/\/sertv.gob.pa\/nacionalfm\/wp-json\/wp\/v2\/tags?post=80648"}],"curies":[{"name":"wp","href":"https:\/\/api.w.org\/{rel}","templated":true}]}}