{"id":80685,"date":"2022-04-05T18:07:00","date_gmt":"2022-04-05T18:07:00","guid":{"rendered":"https:\/\/sertv.gob.pa\/nacionalfm\/?p=80685"},"modified":"2022-04-05T18:07:00","modified_gmt":"2022-04-05T18:07:00","slug":"la-ue-expulsa-a-19-diplomaticos-rusos-en-sus-nuevas-medidas-contra-rusia","status":"publish","type":"post","link":"https:\/\/sertv.gob.pa\/nacionalfm\/la-ue-expulsa-a-19-diplomaticos-rusos-en-sus-nuevas-medidas-contra-rusia\/","title":{"rendered":"La UE expulsa a 19 diplom\u00e1ticos rusos en sus nuevas medidas contra Rusia"},"content":{"rendered":"<p><strong><em>BRUSELAS, (EUROPA PRESS) \u2013<\/em><\/strong><\/p>\n<p><strong><em>\u00a0<\/em><\/strong><\/p>\n<p>El Alto Representante de Pol\u00edtica Exterior de la UE, Josep Borrell, ha anunciado este martes la expulsi\u00f3n de un grupo de diplom\u00e1ticos de Rusia &#8211;un total de 19&#8211;, dentro de un paquete de medidas con el que el bloque quiere contribuir a frenar la \u00abmaquinaria de guerra\u00bb de Vladimir Putin tras las \u00abatrocidades\u00bb perpetradas en Bucha y otras zonas ocupadas.<\/p>\n<p>Los ataques sobre poblaciones civiles, ejemplificadas en matanzas como la de Bucha o en el \u00abbrutal\u00bb asedio sobre Mari\u00fapol, \u00abhan mostrado la verdadera cara de esta guerra, de la guerra del Kremlin contra Ucrania y su pueblo\u00bb, ha lamentado Borrell.<\/p>\n<p>El jefe de la diplomacia europea ha subrayado que la posici\u00f3n de la UE \u00abha sido muy clara\u00bb y pasa por seguir con las sanciones \u00abmientras contin\u00fae la agresi\u00f3n rusa\u00bb sobre Ucrania. \u00abNo estamos atacando al pueblo ruso, sino al Kremlin\u00bb, ha dicho Borrell.<\/p>\n<p>En el \u00e1mbito diplom\u00e1tico, y al margen de las nuevas sanciones econ\u00f3micas propuestas por la Comisi\u00f3n Europea &#8211;entre ellas el veto al carb\u00f3n ruso&#8211;, Borrell ha anunciado que \u00abvarios\u00bb representantes de Rusia ante la UE han sido declarados &#8216;persona non grata&#8217;.<\/p>\n<p>Su oficina ha aclarado en un comunicado posterior que ser\u00e1n 19 los diplom\u00e1ticos expulsados y que, por tanto, tendr\u00e1n que abandonar B\u00e9lgica en un breve plazo.<\/p>\n<p>Borrell considera que se han comportado de forma contraria al estatus que se les presupone como diplom\u00e1ticos, contraviniendo incluso la Convenci\u00f3n de Viena. El Servicio de Acci\u00f3n Exterior ha convocado al embajador ruso, Vladimir Chizhov, para comunicarle personalmente esta decisi\u00f3n.<\/p>\n<p>En este sentido, el exministro espa\u00f1ol cree que es necesario responder \u00abal comportamiento asesino del Kremlin y sus tropas\u00bb en todos los frentes.<\/p>\n<p>&nbsp;<\/p>\n<p>Fuente: EUROPA PRESS<\/p>\n","protected":false},"excerpt":{"rendered":"<p>BRUSELAS, (EUROPA PRESS) \u2013 \u00a0 El Alto Representante de Pol\u00edtica <a href=\"https:\/\/sertv.gob.pa\/nacionalfm\/la-ue-expulsa-a-19-diplomaticos-rusos-en-sus-nuevas-medidas-contra-rusia\/\"> [&#8230;]<\/a><\/p>\n","protected":false},"author":9,"featured_media":80686,"comment_status":"closed","ping_status":"closed","sticky":false,"template":"","format":"standard","meta":{"footnotes":""},"categories":[3],"tags":[],"class_list":["post-80685","post","type-post","status-publish","format-standard","has-post-thumbnail","hentry","category-internacionales"],"_links":{"self":[{"href":"https:\/\/sertv.gob.pa\/nacionalfm\/wp-json\/wp\/v2\/posts\/80685","targetHints":{"allow":["GET"]}}],"collection":[{"href":"https:\/\/sertv.gob.pa\/nacionalfm\/wp-json\/wp\/v2\/posts"}],"about":[{"href":"https:\/\/sertv.gob.pa\/nacionalfm\/wp-json\/wp\/v2\/types\/post"}],"author":[{"embeddable":true,"href":"https:\/\/sertv.gob.pa\/nacionalfm\/wp-json\/wp\/v2\/users\/9"}],"replies":[{"embeddable":true,"href":"https:\/\/sertv.gob.pa\/nacionalfm\/wp-json\/wp\/v2\/comments?post=80685"}],"version-history":[{"count":1,"href":"https:\/\/sertv.gob.pa\/nacionalfm\/wp-json\/wp\/v2\/posts\/80685\/revisions"}],"predecessor-version":[{"id":80687,"href":"https:\/\/sertv.gob.pa\/nacionalfm\/wp-json\/wp\/v2\/posts\/80685\/revisions\/80687"}],"wp:featuredmedia":[{"embeddable":true,"href":"https:\/\/sertv.gob.pa\/nacionalfm\/wp-json\/wp\/v2\/media\/80686"}],"wp:attachment":[{"href":"https:\/\/sertv.gob.pa\/nacionalfm\/wp-json\/wp\/v2\/media?parent=80685"}],"wp:term":[{"taxonomy":"category","embeddable":true,"href":"https:\/\/sertv.gob.pa\/nacionalfm\/wp-json\/wp\/v2\/categories?post=80685"},{"taxonomy":"post_tag","embeddable":true,"href":"https:\/\/sertv.gob.pa\/nacionalfm\/wp-json\/wp\/v2\/tags?post=80685"}],"curies":[{"name":"wp","href":"https:\/\/api.w.org\/{rel}","templated":true}]}}