{"id":80688,"date":"2022-04-05T18:26:18","date_gmt":"2022-04-05T18:26:18","guid":{"rendered":"https:\/\/sertv.gob.pa\/nacionalfm\/?p=80688"},"modified":"2022-04-05T18:27:53","modified_gmt":"2022-04-05T18:27:53","slug":"un-convoy-humanitario-de-la-onu-consigue-acceder-a-la-ciudad-ucraniana-de-severodonetsk","status":"publish","type":"post","link":"https:\/\/sertv.gob.pa\/nacionalfm\/un-convoy-humanitario-de-la-onu-consigue-acceder-a-la-ciudad-ucraniana-de-severodonetsk\/","title":{"rendered":"Un convoy humanitario de la ONU consigue acceder a la ciudad ucraniana de Severodonetsk"},"content":{"rendered":"<p><strong><em>MADRID, (EUROPA PRESS) \u2013<\/em><\/strong><\/p>\n<p>&nbsp;<\/p>\n<p>Un convoy humanitario de Naciones Unidas y sus socios compuesto por ocho camiones cargados de suministros \u00abcr\u00edticos\u00bb ha conseguido acceder a la ciudad de Severodonetsk, ubicada en Lugansk, en el este de Ucrania, donde los residentes se enfrentan a dif\u00edciles condiciones a causa de las hostilidades.<\/p>\n<p>Seg\u00fan ha informado la Oficina de Naciones Unidas para la Coordinaci\u00f3n de Asuntos Humanitarios (OCHA), miles de personas carecen de gas y agua y los edificios residenciales est\u00e1n siendo alcanzados repetidamente por los bombardeos, lo que impide que los ciudadanos puedan ser evacuados y puedan acceder a suministros para satisfacer sus necesidades b\u00e1sicas.<\/p>\n<p>As\u00ed, el convoy traslada alimentos, harina, pl\u00e1sticos y mantas para unas 17.000 personas, adem\u00e1s de cuatro generadores el\u00e9ctricos para los hospitales, entre otras cosas. Todo ello, que ha sido proporcionado por la Organizaci\u00f3n Internacional para las Migraciones (OIM), la Agencia de la ONU para los Refugiados (ACNUR), el Fondo de Naciones Unidas para la Infancia (UNICEF), el Programa Mundial de Alimentos (PMA) y la ONG checa People in Need (PiN), se canalizar\u00e1 a trav\u00e9s de la Cruz Roja ucraniana.<\/p>\n<p>\u00abEstamos en Severodonetsk, donde los enfrentamientos est\u00e1n en curso y los civiles necesitan urgentemente asistencia\u00bb, ha indicado el coordinador humanitario adjunto, Markus Werne, que ha garantizado que las organizaciones de Naciones Unidas continuar\u00e1n proporcionando asistencia a los que la necesiten, si bien lo necesario es que los civiles sean protegidos y las agencias humanitarias tengan un acceso \u00abcontinuado\u00bb a estas zonas.<\/p>\n<p>&nbsp;<\/p>\n<p>Fuente: EUROPA PRESS<\/p>\n","protected":false},"excerpt":{"rendered":"<p>MADRID, (EUROPA PRESS) \u2013 &nbsp; Un convoy humanitario de Naciones <a href=\"https:\/\/sertv.gob.pa\/nacionalfm\/un-convoy-humanitario-de-la-onu-consigue-acceder-a-la-ciudad-ucraniana-de-severodonetsk\/\"> [&#8230;]<\/a><\/p>\n","protected":false},"author":9,"featured_media":80689,"comment_status":"closed","ping_status":"closed","sticky":false,"template":"","format":"standard","meta":{"footnotes":""},"categories":[3],"tags":[],"class_list":["post-80688","post","type-post","status-publish","format-standard","has-post-thumbnail","hentry","category-internacionales"],"_links":{"self":[{"href":"https:\/\/sertv.gob.pa\/nacionalfm\/wp-json\/wp\/v2\/posts\/80688","targetHints":{"allow":["GET"]}}],"collection":[{"href":"https:\/\/sertv.gob.pa\/nacionalfm\/wp-json\/wp\/v2\/posts"}],"about":[{"href":"https:\/\/sertv.gob.pa\/nacionalfm\/wp-json\/wp\/v2\/types\/post"}],"author":[{"embeddable":true,"href":"https:\/\/sertv.gob.pa\/nacionalfm\/wp-json\/wp\/v2\/users\/9"}],"replies":[{"embeddable":true,"href":"https:\/\/sertv.gob.pa\/nacionalfm\/wp-json\/wp\/v2\/comments?post=80688"}],"version-history":[{"count":1,"href":"https:\/\/sertv.gob.pa\/nacionalfm\/wp-json\/wp\/v2\/posts\/80688\/revisions"}],"predecessor-version":[{"id":80690,"href":"https:\/\/sertv.gob.pa\/nacionalfm\/wp-json\/wp\/v2\/posts\/80688\/revisions\/80690"}],"wp:featuredmedia":[{"embeddable":true,"href":"https:\/\/sertv.gob.pa\/nacionalfm\/wp-json\/wp\/v2\/media\/80689"}],"wp:attachment":[{"href":"https:\/\/sertv.gob.pa\/nacionalfm\/wp-json\/wp\/v2\/media?parent=80688"}],"wp:term":[{"taxonomy":"category","embeddable":true,"href":"https:\/\/sertv.gob.pa\/nacionalfm\/wp-json\/wp\/v2\/categories?post=80688"},{"taxonomy":"post_tag","embeddable":true,"href":"https:\/\/sertv.gob.pa\/nacionalfm\/wp-json\/wp\/v2\/tags?post=80688"}],"curies":[{"name":"wp","href":"https:\/\/api.w.org\/{rel}","templated":true}]}}