{"id":80747,"date":"2022-04-06T19:00:07","date_gmt":"2022-04-06T19:00:07","guid":{"rendered":"https:\/\/sertv.gob.pa\/nacionalfm\/?p=80747"},"modified":"2022-04-06T19:00:07","modified_gmt":"2022-04-06T19:00:07","slug":"el-primer-ministro-de-peru-reconoce-que-es-posible-que-caiga-el-gobierno-del-presidente-castillo","status":"publish","type":"post","link":"https:\/\/sertv.gob.pa\/nacionalfm\/el-primer-ministro-de-peru-reconoce-que-es-posible-que-caiga-el-gobierno-del-presidente-castillo\/","title":{"rendered":"El primer ministro de Per\u00fa reconoce que \u00abes posible\u00bb que caiga el Gobierno del presidente Castillo"},"content":{"rendered":"<p><strong><em>MADRID, (EUROPA PRESS) \u2013<\/em><\/strong><\/p>\n<p><strong><em>\u00a0<\/em><\/strong><\/p>\n<p>El primer ministro de Per\u00fa, An\u00edbal Torres, ha reconocido la posibilidad de que, en el marco de la crisis social que afronta el pa\u00eds, se pueda dar la ca\u00edda del Gobierno del presidente, Pedro Castillo.<\/p>\n<p>En una entrevista para la emisora colombiana Blu Radio, Torres ha respondido con un \u00aben Per\u00fa todo es posible\u00bb a una pregunta sobre si la convulsi\u00f3n social y pol\u00edtica que afronta el pa\u00eds podr\u00eda poner fin al Ejecutivo.<\/p>\n<p>\u00abEsto ya viene desde algunos a\u00f1os atr\u00e1s, en el quinquenio anterior. Hemos tenido cinco presidentes y tres congresos en cinco a\u00f1os. Esa situaci\u00f3n no se ha superado, nosotros tratamos de superarla, de dialogar con la parte contraria, pero solo se fija en su propio inter\u00e9s\u00bb, ha explicado el jefe de Gobierno peruano.<\/p>\n<p>Por otro lado, Torres se ha referido a las movilizaciones que se est\u00e1n registrando estos d\u00edas por parte del sector agrario y transportista, en el marco de las cuales se han registrado episodios violentos e incluso este mismo mi\u00e9rcoles se ha confirmado el fallecimiento de otro manifestante.<\/p>\n<p>En este sentido, el primer ministro ha denunciado que hay personas \u00abinfiltradas\u00bb y alentadas por la oposici\u00f3n, donde existen sectores que \u00abdesde el inicio\u00bb del mandato de Castillo no han reconocido su victoria. Adem\u00e1s, ha lamentado que la Polic\u00eda Nacional no cuenta con los efectivos ni la preparaci\u00f3n suficiente para hacer frente a las movilizaciones.<\/p>\n<p>M\u00e1s de 2.000 conductores de autobuses de la regi\u00f3n de Cuzco se sumaron este lunes a un paro nacional de 48 horas convocado por la Uni\u00f3n de Gremios de Transporte Multimodal de Per\u00fa por los altos precios del combustible y la nueva normativa sobre transportes.<\/p>\n<p>Durante las protestas se registraron ataques a infraestructuras como peajes y cortes de autov\u00edas. Adem\u00e1s se inform\u00f3 de cuatro fallecidos, a lo que el presidente de Per\u00fa, Pedro Castillo, respondi\u00f3 declarando el estado de emergencia y toque de queda en Lima y Callao.<\/p>\n<p>&nbsp;<\/p>\n<p>Fuente: EUROPA PRESS<\/p>\n","protected":false},"excerpt":{"rendered":"<p>MADRID, (EUROPA PRESS) \u2013 \u00a0 El primer ministro de Per\u00fa, <a href=\"https:\/\/sertv.gob.pa\/nacionalfm\/el-primer-ministro-de-peru-reconoce-que-es-posible-que-caiga-el-gobierno-del-presidente-castillo\/\"> [&#8230;]<\/a><\/p>\n","protected":false},"author":9,"featured_media":80748,"comment_status":"closed","ping_status":"closed","sticky":false,"template":"","format":"standard","meta":{"footnotes":""},"categories":[3],"tags":[],"class_list":["post-80747","post","type-post","status-publish","format-standard","has-post-thumbnail","hentry","category-internacionales"],"_links":{"self":[{"href":"https:\/\/sertv.gob.pa\/nacionalfm\/wp-json\/wp\/v2\/posts\/80747","targetHints":{"allow":["GET"]}}],"collection":[{"href":"https:\/\/sertv.gob.pa\/nacionalfm\/wp-json\/wp\/v2\/posts"}],"about":[{"href":"https:\/\/sertv.gob.pa\/nacionalfm\/wp-json\/wp\/v2\/types\/post"}],"author":[{"embeddable":true,"href":"https:\/\/sertv.gob.pa\/nacionalfm\/wp-json\/wp\/v2\/users\/9"}],"replies":[{"embeddable":true,"href":"https:\/\/sertv.gob.pa\/nacionalfm\/wp-json\/wp\/v2\/comments?post=80747"}],"version-history":[{"count":1,"href":"https:\/\/sertv.gob.pa\/nacionalfm\/wp-json\/wp\/v2\/posts\/80747\/revisions"}],"predecessor-version":[{"id":80750,"href":"https:\/\/sertv.gob.pa\/nacionalfm\/wp-json\/wp\/v2\/posts\/80747\/revisions\/80750"}],"wp:featuredmedia":[{"embeddable":true,"href":"https:\/\/sertv.gob.pa\/nacionalfm\/wp-json\/wp\/v2\/media\/80748"}],"wp:attachment":[{"href":"https:\/\/sertv.gob.pa\/nacionalfm\/wp-json\/wp\/v2\/media?parent=80747"}],"wp:term":[{"taxonomy":"category","embeddable":true,"href":"https:\/\/sertv.gob.pa\/nacionalfm\/wp-json\/wp\/v2\/categories?post=80747"},{"taxonomy":"post_tag","embeddable":true,"href":"https:\/\/sertv.gob.pa\/nacionalfm\/wp-json\/wp\/v2\/tags?post=80747"}],"curies":[{"name":"wp","href":"https:\/\/api.w.org\/{rel}","templated":true}]}}