{"id":80751,"date":"2022-04-06T19:23:45","date_gmt":"2022-04-06T19:23:45","guid":{"rendered":"https:\/\/sertv.gob.pa\/nacionalfm\/?p=80751"},"modified":"2022-04-06T19:23:45","modified_gmt":"2022-04-06T19:23:45","slug":"zelenski-acusa-a-todos-los-politicos-y-militares-rusos-de-ser-criminales-de-guerra","status":"publish","type":"post","link":"https:\/\/sertv.gob.pa\/nacionalfm\/zelenski-acusa-a-todos-los-politicos-y-militares-rusos-de-ser-criminales-de-guerra\/","title":{"rendered":"Zelenski acusa a \u00abtodos\u00bb los pol\u00edticos y militares rusos de ser criminales de guerra"},"content":{"rendered":"<p><strong><em>MADRID, (EUROPA PRESS) &#8211;<\/em><\/strong><\/p>\n<p>&nbsp;<\/p>\n<p>El presidente de Ucrania, Volodimir Zelenski, ha acusado este mi\u00e9rcoles a \u00abtodos\u00bb los pol\u00edticos y militares de Rusia de ser criminales de guerra por las atrocidades cometidas en territorio ucraniano en el marco de la guerra.<\/p>\n<p>\u00abEl Ej\u00e9rcito ruso, la direcci\u00f3n pol\u00edtica rusa, todos los que desarrollaron esta &#8216;operaci\u00f3n&#8217;, todos los que dieron las \u00f3rdenes, todos los que ejecutaron estas \u00f3rdenes, todos son criminales de guerra\u00bb, ha denunciado Zelenski en una entrevista para la cadena turca Haberturk, recogida por la agencia Ukrinform.<\/p>\n<p>Cuestionado por si el presidente ruso, Vladimir Putin, deber\u00eda ser condenado por estos cr\u00edmenes, el mandatario ucraniano ha enfatizado que el castigo por lo ocurrido en Ucrania no deber\u00eda recaer tan solo sobre una persona, pues considera que el abuso sobre la ciudadan\u00eda ucraniana es un \u00abcrimen masivo\u00bb. \u00abTodos deben rendir cuentas\u00bb, ha zanjado Zelenski.<\/p>\n<p>La comunidad internacional, e incluso el Alto Comisionado de Naciones Unidas para los Derechos Humanos, han alertado de la posibilidad de que se hayan cometido cr\u00edmenes de guerra en el marco de la invasi\u00f3n a Ucrania y, especialmente, tras salir a la luz im\u00e1genes de la matanza de civiles en la ciudad de Bucha, cerca de la capital, Kiev.<\/p>\n<p>&nbsp;<\/p>\n<p>Fuente: EUROPA PRESS<\/p>\n","protected":false},"excerpt":{"rendered":"<p>MADRID, (EUROPA PRESS) &#8211; &nbsp; El presidente de Ucrania, Volodimir <a href=\"https:\/\/sertv.gob.pa\/nacionalfm\/zelenski-acusa-a-todos-los-politicos-y-militares-rusos-de-ser-criminales-de-guerra\/\"> [&#8230;]<\/a><\/p>\n","protected":false},"author":9,"featured_media":80752,"comment_status":"closed","ping_status":"closed","sticky":false,"template":"","format":"standard","meta":{"footnotes":""},"categories":[3],"tags":[],"class_list":["post-80751","post","type-post","status-publish","format-standard","has-post-thumbnail","hentry","category-internacionales"],"_links":{"self":[{"href":"https:\/\/sertv.gob.pa\/nacionalfm\/wp-json\/wp\/v2\/posts\/80751","targetHints":{"allow":["GET"]}}],"collection":[{"href":"https:\/\/sertv.gob.pa\/nacionalfm\/wp-json\/wp\/v2\/posts"}],"about":[{"href":"https:\/\/sertv.gob.pa\/nacionalfm\/wp-json\/wp\/v2\/types\/post"}],"author":[{"embeddable":true,"href":"https:\/\/sertv.gob.pa\/nacionalfm\/wp-json\/wp\/v2\/users\/9"}],"replies":[{"embeddable":true,"href":"https:\/\/sertv.gob.pa\/nacionalfm\/wp-json\/wp\/v2\/comments?post=80751"}],"version-history":[{"count":1,"href":"https:\/\/sertv.gob.pa\/nacionalfm\/wp-json\/wp\/v2\/posts\/80751\/revisions"}],"predecessor-version":[{"id":80753,"href":"https:\/\/sertv.gob.pa\/nacionalfm\/wp-json\/wp\/v2\/posts\/80751\/revisions\/80753"}],"wp:featuredmedia":[{"embeddable":true,"href":"https:\/\/sertv.gob.pa\/nacionalfm\/wp-json\/wp\/v2\/media\/80752"}],"wp:attachment":[{"href":"https:\/\/sertv.gob.pa\/nacionalfm\/wp-json\/wp\/v2\/media?parent=80751"}],"wp:term":[{"taxonomy":"category","embeddable":true,"href":"https:\/\/sertv.gob.pa\/nacionalfm\/wp-json\/wp\/v2\/categories?post=80751"},{"taxonomy":"post_tag","embeddable":true,"href":"https:\/\/sertv.gob.pa\/nacionalfm\/wp-json\/wp\/v2\/tags?post=80751"}],"curies":[{"name":"wp","href":"https:\/\/api.w.org\/{rel}","templated":true}]}}