{"id":80808,"date":"2022-04-07T18:52:23","date_gmt":"2022-04-07T18:52:23","guid":{"rendered":"https:\/\/sertv.gob.pa\/nacionalfm\/?p=80808"},"modified":"2022-04-07T18:52:23","modified_gmt":"2022-04-07T18:52:23","slug":"toshiba-forma-un-comite-especial-para-valorar-ofertas-de-posibles-compradores","status":"publish","type":"post","link":"https:\/\/sertv.gob.pa\/nacionalfm\/toshiba-forma-un-comite-especial-para-valorar-ofertas-de-posibles-compradores\/","title":{"rendered":"Toshiba forma un comit\u00e9 especial para valorar ofertas de posibles compradores"},"content":{"rendered":"<p><strong><em>MADRID, (EUROPA PRESS) &#8211;<\/em><\/strong><\/p>\n<p>&nbsp;<\/p>\n<p>El consejo de administraci\u00f3n del conglomerado industrial japon\u00e9s Toshiba ha formado un comit\u00e9 especial al que ha encargado ponerse en contacto con inversores \u00abpotenciales\u00bb y valorar posibles ofertas para excluir a la empresa de Bolsa, seg\u00fan ha informado la compa\u00f1\u00eda este jueves en un comunicado.<\/p>\n<p>Este comit\u00e9 especial estar\u00e1 formado por seis miembros. Todos ellos forman parte del consejo de administraci\u00f3n de Toshiba en calidad de consejeros independientes.<\/p>\n<p>Las negociaciones con los inversores estar\u00e1n lideradas por el equipo gestor y comenzar\u00e1n \u00abtan pronto como sea posible\u00bb. La labor de este comit\u00e9 especial ser\u00e1 asistir a los ejecutivos en el proceso de negociaci\u00f3n y aportar su opini\u00f3n cuando sea necesario.<\/p>\n<p>Asimismo, este grupo de consejeros deber\u00e1 realizar un an\u00e1lisis exhaustivo de las ofertas presentadas y comparar las estructuras propuestas. Asimismo, su labor tambi\u00e9n ser\u00e1 examinar qu\u00e9 oferta de exclusi\u00f3n de Bolsa es la m\u00e1s adecuada para los accionistas y otras partes interesadas de la empresa.<\/p>\n<p>En paralelo, el equipo gestor tiene previsto desarrollar un nuevo plan de negocios que presentar\u00e1 en la pr\u00f3xima junta de accionistas.<\/p>\n<p>En las \u00faltimas semanas, varios medios econ\u00f3micos han publicado diversas informaciones que apuntan a un inter\u00e9s de Bain Capital por hacerse con la empresa. Hace justo un a\u00f1o, el fondo CVC present\u00f3 una oferta para comprar la firma nipona, pero fue rechazada.<\/p>\n<p>&nbsp;<\/p>\n<p>Fuente: EUROPA PRESS<\/p>\n","protected":false},"excerpt":{"rendered":"<p>MADRID, (EUROPA PRESS) &#8211; &nbsp; El consejo de administraci\u00f3n del <a href=\"https:\/\/sertv.gob.pa\/nacionalfm\/toshiba-forma-un-comite-especial-para-valorar-ofertas-de-posibles-compradores\/\"> [&#8230;]<\/a><\/p>\n","protected":false},"author":9,"featured_media":80809,"comment_status":"closed","ping_status":"closed","sticky":false,"template":"","format":"standard","meta":{"footnotes":""},"categories":[3],"tags":[],"class_list":["post-80808","post","type-post","status-publish","format-standard","has-post-thumbnail","hentry","category-internacionales"],"_links":{"self":[{"href":"https:\/\/sertv.gob.pa\/nacionalfm\/wp-json\/wp\/v2\/posts\/80808","targetHints":{"allow":["GET"]}}],"collection":[{"href":"https:\/\/sertv.gob.pa\/nacionalfm\/wp-json\/wp\/v2\/posts"}],"about":[{"href":"https:\/\/sertv.gob.pa\/nacionalfm\/wp-json\/wp\/v2\/types\/post"}],"author":[{"embeddable":true,"href":"https:\/\/sertv.gob.pa\/nacionalfm\/wp-json\/wp\/v2\/users\/9"}],"replies":[{"embeddable":true,"href":"https:\/\/sertv.gob.pa\/nacionalfm\/wp-json\/wp\/v2\/comments?post=80808"}],"version-history":[{"count":1,"href":"https:\/\/sertv.gob.pa\/nacionalfm\/wp-json\/wp\/v2\/posts\/80808\/revisions"}],"predecessor-version":[{"id":80810,"href":"https:\/\/sertv.gob.pa\/nacionalfm\/wp-json\/wp\/v2\/posts\/80808\/revisions\/80810"}],"wp:featuredmedia":[{"embeddable":true,"href":"https:\/\/sertv.gob.pa\/nacionalfm\/wp-json\/wp\/v2\/media\/80809"}],"wp:attachment":[{"href":"https:\/\/sertv.gob.pa\/nacionalfm\/wp-json\/wp\/v2\/media?parent=80808"}],"wp:term":[{"taxonomy":"category","embeddable":true,"href":"https:\/\/sertv.gob.pa\/nacionalfm\/wp-json\/wp\/v2\/categories?post=80808"},{"taxonomy":"post_tag","embeddable":true,"href":"https:\/\/sertv.gob.pa\/nacionalfm\/wp-json\/wp\/v2\/tags?post=80808"}],"curies":[{"name":"wp","href":"https:\/\/api.w.org\/{rel}","templated":true}]}}