{"id":80811,"date":"2022-04-07T19:14:26","date_gmt":"2022-04-07T19:14:26","guid":{"rendered":"https:\/\/sertv.gob.pa\/nacionalfm\/?p=80811"},"modified":"2022-04-07T19:14:26","modified_gmt":"2022-04-07T19:14:26","slug":"el-embajador-lituano-en-ucrania-regresa-a-kiev-tras-huir-por-la-guerra","status":"publish","type":"post","link":"https:\/\/sertv.gob.pa\/nacionalfm\/el-embajador-lituano-en-ucrania-regresa-a-kiev-tras-huir-por-la-guerra\/","title":{"rendered":"El embajador lituano en Ucrania regresa a Kiev tras huir por la guerra"},"content":{"rendered":"<p>El embajador de Lituania en Ucrania, Valdemaras Sarapinas, ha regresado este jueves a la capital, Kiev, tras huir de la ciudad ante la llegada del conflicto armado iniciado por Rusia.<\/p>\n<p>Si bien las hostilidades prosiguen en otros puntos del pa\u00eds, Kiev ha registrado un descenso de los enfrentamientos una vez que Rusia anunci\u00f3 que replegar\u00eda sus tropas hacia la regi\u00f3n de Donb\u00e1s, en el este de Ucrania.<\/p>\n<p>\u00abHace unas semanas era una ciudad muerta (&#8230;). Ahora hay gente y coches en las calles y las cafeter\u00edas est\u00e1n abriendo. Hay vida\u00bb, ha trasladado Sarapinas a la agencia BNS.<\/p>\n<p>El personal de la Embajada de Lituania, al igual que gran parte de las legaciones diplom\u00e1ticas en Ucrania, traslad\u00f3 sus operaciones a la ciudad de Le\u00f3polis ante el estallido de la guerra.<\/p>\n<p>&nbsp;<\/p>\n<p>Fuente: EUROPA PRESS<\/p>\n","protected":false},"excerpt":{"rendered":"<p>El embajador de Lituania en Ucrania, Valdemaras Sarapinas, ha regresado <a href=\"https:\/\/sertv.gob.pa\/nacionalfm\/el-embajador-lituano-en-ucrania-regresa-a-kiev-tras-huir-por-la-guerra\/\"> [&#8230;]<\/a><\/p>\n","protected":false},"author":9,"featured_media":80812,"comment_status":"closed","ping_status":"closed","sticky":false,"template":"","format":"standard","meta":{"footnotes":""},"categories":[3],"tags":[],"class_list":["post-80811","post","type-post","status-publish","format-standard","has-post-thumbnail","hentry","category-internacionales"],"_links":{"self":[{"href":"https:\/\/sertv.gob.pa\/nacionalfm\/wp-json\/wp\/v2\/posts\/80811","targetHints":{"allow":["GET"]}}],"collection":[{"href":"https:\/\/sertv.gob.pa\/nacionalfm\/wp-json\/wp\/v2\/posts"}],"about":[{"href":"https:\/\/sertv.gob.pa\/nacionalfm\/wp-json\/wp\/v2\/types\/post"}],"author":[{"embeddable":true,"href":"https:\/\/sertv.gob.pa\/nacionalfm\/wp-json\/wp\/v2\/users\/9"}],"replies":[{"embeddable":true,"href":"https:\/\/sertv.gob.pa\/nacionalfm\/wp-json\/wp\/v2\/comments?post=80811"}],"version-history":[{"count":1,"href":"https:\/\/sertv.gob.pa\/nacionalfm\/wp-json\/wp\/v2\/posts\/80811\/revisions"}],"predecessor-version":[{"id":80813,"href":"https:\/\/sertv.gob.pa\/nacionalfm\/wp-json\/wp\/v2\/posts\/80811\/revisions\/80813"}],"wp:featuredmedia":[{"embeddable":true,"href":"https:\/\/sertv.gob.pa\/nacionalfm\/wp-json\/wp\/v2\/media\/80812"}],"wp:attachment":[{"href":"https:\/\/sertv.gob.pa\/nacionalfm\/wp-json\/wp\/v2\/media?parent=80811"}],"wp:term":[{"taxonomy":"category","embeddable":true,"href":"https:\/\/sertv.gob.pa\/nacionalfm\/wp-json\/wp\/v2\/categories?post=80811"},{"taxonomy":"post_tag","embeddable":true,"href":"https:\/\/sertv.gob.pa\/nacionalfm\/wp-json\/wp\/v2\/tags?post=80811"}],"curies":[{"name":"wp","href":"https:\/\/api.w.org\/{rel}","templated":true}]}}