{"id":80869,"date":"2022-04-08T17:59:10","date_gmt":"2022-04-08T17:59:10","guid":{"rendered":"https:\/\/sertv.gob.pa\/nacionalfm\/?p=80869"},"modified":"2022-04-08T17:59:10","modified_gmt":"2022-04-08T17:59:10","slug":"sin-pacientes-covid-19-en-hospital-regional-de-david-y-solo-dos-en-centro-provisional","status":"publish","type":"post","link":"https:\/\/sertv.gob.pa\/nacionalfm\/sin-pacientes-covid-19-en-hospital-regional-de-david-y-solo-dos-en-centro-provisional\/","title":{"rendered":"Sin pacientes COVID-19 en hospital regional de David y s\u00f3lo dos en centro provisional"},"content":{"rendered":"<p>Tras una intensa lucha desde el inicio de la pandemia y luego de estar entre los primeros lugares de la regi\u00f3n con mayor cantidad de casos positivos, las buenas nuevas tocaron la puerta de la regi\u00f3n de Chiriqu\u00ed.<\/p>\n<p>Gladys Novoa, directora regional de Salud, confirm\u00f3 que, desde la tarde del jueves, la sala covid-19 del hospital regional Rafael Hern\u00e1ndez se mantiene sin pacientes hospitalizados, \u00abno tenemos pacientes ni en la Unidad de Cuidados Respiratorios (UCRE), ni en la Unidad de Cuidados Intensivos (UCI)\u00bb<\/p>\n<p>Agreg\u00f3 que, adem\u00e1s de esta buena noticia, tambi\u00e9n el centro provisional de pacientes COVID-19, se mantiene en su m\u00e1s baja ocupaci\u00f3n, \u00abhasta la ma\u00f1ana de este viernes, solo hay dos personas en el lugar y en las pr\u00f3ximas horas, ser\u00e1n dadas de alta, tras cumplir su cuarentena\u00bb<\/p>\n<p>Novoa, manifest\u00f3 que, se mantiene en la reorganizaci\u00f3n de los equipos que manejen los casos a nivel domiciliario o de ser necesario estar preparados para cualquier intervenci\u00f3n.<\/p>\n<p>Queremos felicitar a la poblaci\u00f3n chiricana, porque la gran mayor\u00eda, ha colaborado en la pr\u00e1ctica de las medidas de bioseguridad pero a la vez advertimos, que a\u00fan hay al menos 500 casos activos que son tratados a nivel domiciliario, lo que indican que, a\u00fan debemos cuidarnos porque el virus sigue entre nosotros.<\/p>\n<p>&nbsp;<\/p>\n<p>Fuente: MINSA<\/p>\n","protected":false},"excerpt":{"rendered":"<p>Tras una intensa lucha desde el inicio de la pandemia <a href=\"https:\/\/sertv.gob.pa\/nacionalfm\/sin-pacientes-covid-19-en-hospital-regional-de-david-y-solo-dos-en-centro-provisional\/\"> [&#8230;]<\/a><\/p>\n","protected":false},"author":9,"featured_media":80870,"comment_status":"closed","ping_status":"closed","sticky":false,"template":"","format":"standard","meta":{"footnotes":""},"categories":[5],"tags":[],"class_list":["post-80869","post","type-post","status-publish","format-standard","has-post-thumbnail","hentry","category-salud"],"_links":{"self":[{"href":"https:\/\/sertv.gob.pa\/nacionalfm\/wp-json\/wp\/v2\/posts\/80869","targetHints":{"allow":["GET"]}}],"collection":[{"href":"https:\/\/sertv.gob.pa\/nacionalfm\/wp-json\/wp\/v2\/posts"}],"about":[{"href":"https:\/\/sertv.gob.pa\/nacionalfm\/wp-json\/wp\/v2\/types\/post"}],"author":[{"embeddable":true,"href":"https:\/\/sertv.gob.pa\/nacionalfm\/wp-json\/wp\/v2\/users\/9"}],"replies":[{"embeddable":true,"href":"https:\/\/sertv.gob.pa\/nacionalfm\/wp-json\/wp\/v2\/comments?post=80869"}],"version-history":[{"count":1,"href":"https:\/\/sertv.gob.pa\/nacionalfm\/wp-json\/wp\/v2\/posts\/80869\/revisions"}],"predecessor-version":[{"id":80874,"href":"https:\/\/sertv.gob.pa\/nacionalfm\/wp-json\/wp\/v2\/posts\/80869\/revisions\/80874"}],"wp:featuredmedia":[{"embeddable":true,"href":"https:\/\/sertv.gob.pa\/nacionalfm\/wp-json\/wp\/v2\/media\/80870"}],"wp:attachment":[{"href":"https:\/\/sertv.gob.pa\/nacionalfm\/wp-json\/wp\/v2\/media?parent=80869"}],"wp:term":[{"taxonomy":"category","embeddable":true,"href":"https:\/\/sertv.gob.pa\/nacionalfm\/wp-json\/wp\/v2\/categories?post=80869"},{"taxonomy":"post_tag","embeddable":true,"href":"https:\/\/sertv.gob.pa\/nacionalfm\/wp-json\/wp\/v2\/tags?post=80869"}],"curies":[{"name":"wp","href":"https:\/\/api.w.org\/{rel}","templated":true}]}}