{"id":80875,"date":"2022-04-08T19:14:08","date_gmt":"2022-04-08T19:14:08","guid":{"rendered":"https:\/\/sertv.gob.pa\/nacionalfm\/?p=80875"},"modified":"2022-04-08T19:14:08","modified_gmt":"2022-04-08T19:14:08","slug":"aumentan-a-50-los-muertos-en-el-ataque-contra-una-estacion-de-tren-en-kramatorsk","status":"publish","type":"post","link":"https:\/\/sertv.gob.pa\/nacionalfm\/aumentan-a-50-los-muertos-en-el-ataque-contra-una-estacion-de-tren-en-kramatorsk\/","title":{"rendered":"Aumentan a 50 los muertos en el ataque contra una estaci\u00f3n de tren en Kramatorsk"},"content":{"rendered":"<p>Zelenski condena el ataque y habla de \u00abuna maldad que no tiene l\u00edmites\u00bb por parte de las fuerzas de Rusia<\/p>\n<p><strong><em>MADRID, (EUROPA PRESS) &#8211;<\/em><\/strong><\/p>\n<p>Las autoridades de Ucrania han elevado este viernes a unos 50 los muertos en un ataque achacado a las fuerzas rusas contra una estaci\u00f3n de tren en la localidad de Kramatorsk, situada en la regi\u00f3n de Donetsk, en el este de Ucrania.<\/p>\n<p>El jefe de la administraci\u00f3n militar regional de Donetsk, Pavlo Kirilenko, ha destacado en su cuenta en Telegram que medio centenar de personas han perdido la vida, cinco de ellas ni\u00f1os. Entre estas v\u00edctimas figuran al menos doce de los 98 heridos evacuados a hospitales de la zona.<\/p>\n<p>Kirilenko ha acusado a \u00ablos nazis rusos de disparar un misil Tochka-U contra la estaci\u00f3n de tren de Kramatorsk, \u00abdesde donde salen trenes para evacuar a residentes de la regi\u00f3n de Donetsk a regiones m\u00e1s seguras en Ucrania\u00bb. Seg\u00fan este responsable, miles de personas estaban en la zona cuando se produjo el ataque, dado que \u00ablos residentes de Donetsk est\u00e1n siendo evacuados a regiones m\u00e1s seguras en Ucrania\u00bb.<\/p>\n<p>Kramatorsk se encuentra en la zona de Donetsk no controlada por la autoproclamada Rep\u00fablica Popular de Donetsk, los rebeldes separatistas aliados de Mosc\u00fa.<\/p>\n<p>\u00abLos rusos est\u00e1n intentando afectar de forma deliberada la evacuaci\u00f3n de civiles. Para ellos, las vidas son una moneda de cambio y una herramienta para lograr sus c\u00ednicos objetivos\u00bb, ha manifestado, antes de incidir en que \u00abla evacuaci\u00f3n continuar\u00e1\u00bb y que \u00abcualquiera que quiera abandonar la regi\u00f3n podr\u00e1 hacerlo\u00bb.<\/p>\n<p>\u00abLos racistas sab\u00edan bien a d\u00f3nde apuntaban y lo que quer\u00edan\u00bb, rese\u00f1\u00f3 Kirilenko, que agreg\u00f3 que Mosc\u00fa \u00abquiere destruir todo lo ucraniano. \u00abRusia es un pa\u00eds de villanos y criminales. El mal debe ser detenido y castigado\u00bb, remach\u00f3.<\/p>\n<p>El ataque ha sido condenado por el presidente de Ucrania, Volodimir Zelenski, que ha acusado a \u00ablos ocupantes\u00bb de disparar un misil contra la estaci\u00f3n, donde \u00abmiles de ucranianos pac\u00edficos esperaban a ser evacuados\u00bb.<\/p>\n<p>\u00abCerca de 30 personas han muerto y alrededor de cien han resultado heridas de diversa consideraci\u00f3n\u00bb, ha manifestado en su cuenta en Telegram, al tiempo que ha denunciado que \u00ablos inhumanos rusos no abandonan sus m\u00e9todos\u00bb.<\/p>\n<p>\u00abAl no tener la fuerza y el valor para hacernos frente en el campo de batalla, est\u00e1n destruyendo de forma c\u00ednica a la poblaci\u00f3n civil. Es una maldad que no tiene l\u00edmites y que, si no es castigada, nunca se detendr\u00e1\u00bb, ha resaltado.<\/p>\n<p>Tanto Rusia como las autoridades de la autoproclamada Rep\u00fablica Popular de Donetsk, cuya independencia fue reconocida por Mosc\u00fa d\u00edas antes del inicio de la invasi\u00f3n, se han desvinculado del ataque y han dicho que los misiles &#8216;Tochka-U&#8217; son usados \u00fanicamente por el Ej\u00e9rcito ucraniano.<\/p>\n<p>&nbsp;<\/p>\n<p>Fuente: EUROPA PRESS<\/p>\n","protected":false},"excerpt":{"rendered":"<p>Zelenski condena el ataque y habla de \u00abuna maldad que <a href=\"https:\/\/sertv.gob.pa\/nacionalfm\/aumentan-a-50-los-muertos-en-el-ataque-contra-una-estacion-de-tren-en-kramatorsk\/\"> [&#8230;]<\/a><\/p>\n","protected":false},"author":9,"featured_media":80876,"comment_status":"closed","ping_status":"closed","sticky":false,"template":"","format":"standard","meta":{"footnotes":""},"categories":[3],"tags":[],"class_list":["post-80875","post","type-post","status-publish","format-standard","has-post-thumbnail","hentry","category-internacionales"],"_links":{"self":[{"href":"https:\/\/sertv.gob.pa\/nacionalfm\/wp-json\/wp\/v2\/posts\/80875","targetHints":{"allow":["GET"]}}],"collection":[{"href":"https:\/\/sertv.gob.pa\/nacionalfm\/wp-json\/wp\/v2\/posts"}],"about":[{"href":"https:\/\/sertv.gob.pa\/nacionalfm\/wp-json\/wp\/v2\/types\/post"}],"author":[{"embeddable":true,"href":"https:\/\/sertv.gob.pa\/nacionalfm\/wp-json\/wp\/v2\/users\/9"}],"replies":[{"embeddable":true,"href":"https:\/\/sertv.gob.pa\/nacionalfm\/wp-json\/wp\/v2\/comments?post=80875"}],"version-history":[{"count":1,"href":"https:\/\/sertv.gob.pa\/nacionalfm\/wp-json\/wp\/v2\/posts\/80875\/revisions"}],"predecessor-version":[{"id":80878,"href":"https:\/\/sertv.gob.pa\/nacionalfm\/wp-json\/wp\/v2\/posts\/80875\/revisions\/80878"}],"wp:featuredmedia":[{"embeddable":true,"href":"https:\/\/sertv.gob.pa\/nacionalfm\/wp-json\/wp\/v2\/media\/80876"}],"wp:attachment":[{"href":"https:\/\/sertv.gob.pa\/nacionalfm\/wp-json\/wp\/v2\/media?parent=80875"}],"wp:term":[{"taxonomy":"category","embeddable":true,"href":"https:\/\/sertv.gob.pa\/nacionalfm\/wp-json\/wp\/v2\/categories?post=80875"},{"taxonomy":"post_tag","embeddable":true,"href":"https:\/\/sertv.gob.pa\/nacionalfm\/wp-json\/wp\/v2\/tags?post=80875"}],"curies":[{"name":"wp","href":"https:\/\/api.w.org\/{rel}","templated":true}]}}