{"id":80879,"date":"2022-04-08T19:26:34","date_gmt":"2022-04-08T19:26:34","guid":{"rendered":"https:\/\/sertv.gob.pa\/nacionalfm\/?p=80879"},"modified":"2022-04-08T19:26:34","modified_gmt":"2022-04-08T19:26:34","slug":"rusia-cierra-las-oficinas-de-amnistia-internacional-human-rights-watch-y-otra-docena-de-organizaciones","status":"publish","type":"post","link":"https:\/\/sertv.gob.pa\/nacionalfm\/rusia-cierra-las-oficinas-de-amnistia-internacional-human-rights-watch-y-otra-docena-de-organizaciones\/","title":{"rendered":"Rusia cierra las oficinas de Amnist\u00eda Internacional, Human Rights Watch y otra docena de organizaciones"},"content":{"rendered":"<p><strong><em>MADRID, (EUROPA PRESS) \u2013<\/em><\/strong><\/p>\n<p><strong><em>\u00a0<\/em><\/strong><\/p>\n<p>Rusia ha anunciado este viernes la expulsi\u00f3n de la oficina de Amnist\u00eda Internacional (AI) en Mosc\u00fa, as\u00ed como las de otras catorce ONG como Human Rights Watch (HRW) o Carnegie Endowment for International Peace (CEIP) de su lista de organizaciones internacionales extranjeras por \u00abviolaciones a la legislaci\u00f3n rusa\u00bb.<\/p>\n<p>\u00abEl cierre de Amnist\u00eda en Rusia es solo el \u00faltimo de una larga lista de organizaciones que han sido castigadas por defender los Derechos Humanos y decir la verdad a las autoridades rusas\u00bb, ha denunciado la secretaria general de AI, Agn\u00e8s Callamard.<\/p>\n<p>\u00abEn un pa\u00eds donde decenas de activistas y disidentes han sido encarcelados, asesinados o exiliados, donde los medios independientes han sido calumniados, bloqueados o obligados a autocensurarse, y donde las organizaciones de la sociedad civil han sido proscritas o liquidadas, algo deben estar haciendo bien si el Kremlin intenta callarte\u00bb, ha expresado Callamard.<\/p>\n<p>Adem\u00e1s de las organizaciones antes mencionadas tambi\u00e9n han tenido que cerrar, entre otras, las alemanas Fundaci\u00f3n Friedrich Ebert &#8211;con oficina en San Petersburgo&#8211;, Fundaci\u00f3n para la Libertad Friedrich Naumann y Fundaci\u00f3n Konrad Adenauer, con sede en Mosc\u00fa; la suiza Fundaci\u00f3n Aga Khan y el estadounidense Instituto para la Educaci\u00f3n Internacional.<\/p>\n<p>\u00abLas autoridades est\u00e1n profundamente equivocadas si creen que al cerrar nuestra oficina en Mosc\u00fa detendr\u00e1n nuestro trabajo de documentar y denunciar las violaciones de Derechos Humanos\u00bb, ha insistido la secretaria general de AI<\/p>\n<p>\u00abNunca dejaremos de luchar por la liberaci\u00f3n de los presos de conciencia (&#8230;). Continuaremos defendiendo la capacidad del periodismo independiente para informar hechos reales, libres de la intervenci\u00f3n del Gobierno ruso\u00bb, ha enfatizado Callarmad, quien ha prometido luchar para que los responsables de cometer graves violaciones, \u00abya sea en Rusia, Ucrania o Siria\u00bb, se enfrenten a la justicia.<\/p>\n<p>&nbsp;<\/p>\n<p>Fuente: EUROPA PRESS<\/p>\n","protected":false},"excerpt":{"rendered":"<p>MADRID, (EUROPA PRESS) \u2013 \u00a0 Rusia ha anunciado este viernes <a href=\"https:\/\/sertv.gob.pa\/nacionalfm\/rusia-cierra-las-oficinas-de-amnistia-internacional-human-rights-watch-y-otra-docena-de-organizaciones\/\"> [&#8230;]<\/a><\/p>\n","protected":false},"author":9,"featured_media":80880,"comment_status":"closed","ping_status":"closed","sticky":false,"template":"","format":"standard","meta":{"footnotes":""},"categories":[3],"tags":[],"class_list":["post-80879","post","type-post","status-publish","format-standard","has-post-thumbnail","hentry","category-internacionales"],"_links":{"self":[{"href":"https:\/\/sertv.gob.pa\/nacionalfm\/wp-json\/wp\/v2\/posts\/80879","targetHints":{"allow":["GET"]}}],"collection":[{"href":"https:\/\/sertv.gob.pa\/nacionalfm\/wp-json\/wp\/v2\/posts"}],"about":[{"href":"https:\/\/sertv.gob.pa\/nacionalfm\/wp-json\/wp\/v2\/types\/post"}],"author":[{"embeddable":true,"href":"https:\/\/sertv.gob.pa\/nacionalfm\/wp-json\/wp\/v2\/users\/9"}],"replies":[{"embeddable":true,"href":"https:\/\/sertv.gob.pa\/nacionalfm\/wp-json\/wp\/v2\/comments?post=80879"}],"version-history":[{"count":1,"href":"https:\/\/sertv.gob.pa\/nacionalfm\/wp-json\/wp\/v2\/posts\/80879\/revisions"}],"predecessor-version":[{"id":80881,"href":"https:\/\/sertv.gob.pa\/nacionalfm\/wp-json\/wp\/v2\/posts\/80879\/revisions\/80881"}],"wp:featuredmedia":[{"embeddable":true,"href":"https:\/\/sertv.gob.pa\/nacionalfm\/wp-json\/wp\/v2\/media\/80880"}],"wp:attachment":[{"href":"https:\/\/sertv.gob.pa\/nacionalfm\/wp-json\/wp\/v2\/media?parent=80879"}],"wp:term":[{"taxonomy":"category","embeddable":true,"href":"https:\/\/sertv.gob.pa\/nacionalfm\/wp-json\/wp\/v2\/categories?post=80879"},{"taxonomy":"post_tag","embeddable":true,"href":"https:\/\/sertv.gob.pa\/nacionalfm\/wp-json\/wp\/v2\/tags?post=80879"}],"curies":[{"name":"wp","href":"https:\/\/api.w.org\/{rel}","templated":true}]}}