{"id":809,"date":"2014-08-06T05:00:00","date_gmt":"2014-08-06T05:00:00","guid":{"rendered":""},"modified":"2014-08-06T05:00:00","modified_gmt":"2014-08-06T05:00:00","slug":"grandes-avances-cientificos-en-cirugia-de-colon-y-recto","status":"publish","type":"post","link":"https:\/\/sertv.gob.pa\/nacionalfm\/grandes-avances-cientificos-en-cirugia-de-colon-y-recto\/","title":{"rendered":"Grandes avances cient\u00edficos en cirug\u00eda de colon y recto"},"content":{"rendered":"<p>\nA pesar de que en los \u00faltimos 23 a\u00f1os se han realizado en el mundo miles de resecciones de colon (intestino grueso) y recto, la adaptaci\u00f3n de la cirug\u00eda colorrectal a las t\u00e9cnicas de acceso m\u00ednimamente invasivas no hab\u00edan evolucionado a una velocidad parecida a la de otras \u00e1reas de la cirug\u00eda en general, debido a la complejidad de esta clase de operaciones que requieren un equipo quir\u00fargico muy especializado. <\/p>\n<p>No obstante, \u00a0la realidad es otra, puesto que, desde hace unos diez a\u00f1os este tipo de cirug\u00eda ha logrado grandes avances cient\u00edficos y ha tenido una gran aceptaci\u00f3n gracias a los excelentes resultados debido a la aplicaci\u00f3n de las t\u00e9cnicas quir\u00fargicas laparosc\u00f3picas, explic\u00f3 el doctor Steven Wexner, especialista en cirug\u00eda colorrectal y presidente de la Sociedad Colorrectal de Cleveland Clinic, Florida. <\/p>\n<p>&lsquo;Cualquier enfermedad colorrectal puede ser tratada por laparoscop\u00eda. Pero, su realizaci\u00f3n depender\u00e1 b\u00e1sicamente del tipo de paciente, del equipo quir\u00fargico y sobre todo de la experiencia, las habilidades y las t\u00e9cnicas de los cirujanos, m\u00e1s que del diagn\u00f3stico&rsquo;, detall\u00f3 Wexner durante el Congreso de la Asociaci\u00f3n Latinoamericana de Cirujanos Endoscopias (ALACE), efectuado en Panam\u00e1. <\/p>\n<p>Pero, \u00bfqu\u00e9 es una resecci\u00f3n laparosc\u00f3pica de colon? Se trata de un procedimiento quir\u00fargico m\u00ednimamente invasivo a trav\u00e9s de incisiones peque\u00f1as de 0.5 a un cent\u00edmetro debajo del ombligo. A trav\u00e9s de \u00e9stas, el cirujano utiliza una c\u00e1mara de video con alta resoluci\u00f3n que le permite observar toda la cavidad abdominal. Con un instrumental especial se realiza la operaci\u00f3n, evitando las grandes heridas como las de las operaciones tradicionales, indic\u00f3 la doctora Mariana Berho, especialista en patolog\u00eda de Cleveland Clinic, Florida.\u00a0 @nacionalFm <\/p>\n","protected":false},"excerpt":{"rendered":"<p>A pesar de que en los \u00faltimos 23 a\u00f1os se <a href=\"https:\/\/sertv.gob.pa\/nacionalfm\/grandes-avances-cientificos-en-cirugia-de-colon-y-recto\/\"> [&#8230;]<\/a><\/p>\n","protected":false},"author":1,"featured_media":810,"comment_status":"closed","ping_status":"closed","sticky":false,"template":"","format":"standard","meta":{"footnotes":""},"categories":[5],"tags":[],"class_list":["post-809","post","type-post","status-publish","format-standard","has-post-thumbnail","hentry","category-salud"],"_links":{"self":[{"href":"https:\/\/sertv.gob.pa\/nacionalfm\/wp-json\/wp\/v2\/posts\/809","targetHints":{"allow":["GET"]}}],"collection":[{"href":"https:\/\/sertv.gob.pa\/nacionalfm\/wp-json\/wp\/v2\/posts"}],"about":[{"href":"https:\/\/sertv.gob.pa\/nacionalfm\/wp-json\/wp\/v2\/types\/post"}],"author":[{"embeddable":true,"href":"https:\/\/sertv.gob.pa\/nacionalfm\/wp-json\/wp\/v2\/users\/1"}],"replies":[{"embeddable":true,"href":"https:\/\/sertv.gob.pa\/nacionalfm\/wp-json\/wp\/v2\/comments?post=809"}],"version-history":[{"count":0,"href":"https:\/\/sertv.gob.pa\/nacionalfm\/wp-json\/wp\/v2\/posts\/809\/revisions"}],"wp:featuredmedia":[{"embeddable":true,"href":"https:\/\/sertv.gob.pa\/nacionalfm\/wp-json\/wp\/v2\/media\/810"}],"wp:attachment":[{"href":"https:\/\/sertv.gob.pa\/nacionalfm\/wp-json\/wp\/v2\/media?parent=809"}],"wp:term":[{"taxonomy":"category","embeddable":true,"href":"https:\/\/sertv.gob.pa\/nacionalfm\/wp-json\/wp\/v2\/categories?post=809"},{"taxonomy":"post_tag","embeddable":true,"href":"https:\/\/sertv.gob.pa\/nacionalfm\/wp-json\/wp\/v2\/tags?post=809"}],"curies":[{"name":"wp","href":"https:\/\/api.w.org\/{rel}","templated":true}]}}