{"id":80924,"date":"2022-04-11T18:25:20","date_gmt":"2022-04-11T18:25:20","guid":{"rendered":"https:\/\/sertv.gob.pa\/nacionalfm\/?p=80924"},"modified":"2022-04-11T18:25:20","modified_gmt":"2022-04-11T18:25:20","slug":"lopez-obrador-vincula-la-escasa-participacion-de-la-consulta-sobre-su-mandato-a-las-trampas-del-ine-de-mexico","status":"publish","type":"post","link":"https:\/\/sertv.gob.pa\/nacionalfm\/lopez-obrador-vincula-la-escasa-participacion-de-la-consulta-sobre-su-mandato-a-las-trampas-del-ine-de-mexico\/","title":{"rendered":"L\u00f3pez Obrador vincula la escasa participaci\u00f3n de la consulta sobre su mandato a las \u00abtrampas\u00bb del INE de M\u00e9xico"},"content":{"rendered":"<p><strong><em>MADRID, (EUROPA PRESS) &#8211;<\/em><\/strong><\/p>\n<p>&nbsp;<\/p>\n<p>El presidente de M\u00e9xico, Andr\u00e9s Manuel L\u00f3pez Obrador, ha lamentado que las \u00abtrampas\u00bb del Instituto Nacional Electoral (INE) han impedido que la participaci\u00f3n en la consulta sobre la revocaci\u00f3n de su mandato, de la que han tomado parte apenas un 18 por ciento de los ciudadanos llamados a votar, haya sido mayor.<\/p>\n<p>M\u00e9xico ha celebrado este domingo una votaci\u00f3n para evaluar la continuaci\u00f3n del mandato de L\u00f3pez Obrador, que se ha saldado con m\u00e1s de un 91 por ciento de los apoyos, si bien la participaci\u00f3n ha rondado el 18 por ciento, muy por debajo del 40 por ciento necesario para considerar la consulta como vinculante.<\/p>\n<p>\u00abHay que tener en cuenta que no se instalaron todas las casillas (centros de votaci\u00f3n), se instal\u00f3 un tercio, ahora fueron 57.000 casillas. Lo digo porque nuestro adversarios, aunque se enojen, dicen que es la mitad de los votos que tuvo el presidente (en 2018). S\u00ed, pero con una tercera parte, y con las trampas y con el boicot del INE\u00bb, ha denunciado el mandatario.<\/p>\n<p>En su habitual rueda de prensa matutina, L\u00f3pez Obrador ha agradecido a los mexicanos que acudieron el domingo a votar y ha incidido en que les responder\u00e1 con fidelidad y trabajo. \u00abS\u00ed tengo c\u00f3mo pagarles: no traicion\u00e1ndolos jam\u00e1s y seguir trabajando en el bien del pueblo\u00bb, ha remarcado, seg\u00fan recoge el diario &#8216;El Universal&#8217;.<\/p>\n<p>Anteriormente, una vez comunicados los datos de la votaci\u00f3n, el mandatario ha manifestado que \u00abse queda\u00bb, subrayando que \u00abseguir\u00e1 adelante con la transformaci\u00f3n\u00bb del pa\u00eds. \u00abEs algo in\u00e9dito y es un paso adelante en el prop\u00f3sito de hacer valer nuestra democracia\u00bb, ha manifestado.<\/p>\n<p>L\u00f3pez Obrador ha defendido que, pese a la escasa participaci\u00f3n, se han registrado m\u00e1s votos que los obtenidos por los expresidentes Ricardo Anaya y Jos\u00e9 Antonio Meade en las elecciones de 2018. \u00abObtuve m\u00e1s votos ahora para que contin\u00fae que en 2006\u00bb, ha afirmado antes de se\u00f1alar que este ejercicio servir\u00e1 de precedente para \u00abfuturos sexenios\u00bb.<\/p>\n<p>&nbsp;<\/p>\n<p>Fuente: EUROPA PRESS<\/p>\n","protected":false},"excerpt":{"rendered":"<p>MADRID, (EUROPA PRESS) &#8211; &nbsp; El presidente de M\u00e9xico, Andr\u00e9s <a href=\"https:\/\/sertv.gob.pa\/nacionalfm\/lopez-obrador-vincula-la-escasa-participacion-de-la-consulta-sobre-su-mandato-a-las-trampas-del-ine-de-mexico\/\"> [&#8230;]<\/a><\/p>\n","protected":false},"author":9,"featured_media":80925,"comment_status":"closed","ping_status":"closed","sticky":false,"template":"","format":"standard","meta":{"footnotes":""},"categories":[3],"tags":[],"class_list":["post-80924","post","type-post","status-publish","format-standard","has-post-thumbnail","hentry","category-internacionales"],"_links":{"self":[{"href":"https:\/\/sertv.gob.pa\/nacionalfm\/wp-json\/wp\/v2\/posts\/80924","targetHints":{"allow":["GET"]}}],"collection":[{"href":"https:\/\/sertv.gob.pa\/nacionalfm\/wp-json\/wp\/v2\/posts"}],"about":[{"href":"https:\/\/sertv.gob.pa\/nacionalfm\/wp-json\/wp\/v2\/types\/post"}],"author":[{"embeddable":true,"href":"https:\/\/sertv.gob.pa\/nacionalfm\/wp-json\/wp\/v2\/users\/9"}],"replies":[{"embeddable":true,"href":"https:\/\/sertv.gob.pa\/nacionalfm\/wp-json\/wp\/v2\/comments?post=80924"}],"version-history":[{"count":1,"href":"https:\/\/sertv.gob.pa\/nacionalfm\/wp-json\/wp\/v2\/posts\/80924\/revisions"}],"predecessor-version":[{"id":80926,"href":"https:\/\/sertv.gob.pa\/nacionalfm\/wp-json\/wp\/v2\/posts\/80924\/revisions\/80926"}],"wp:featuredmedia":[{"embeddable":true,"href":"https:\/\/sertv.gob.pa\/nacionalfm\/wp-json\/wp\/v2\/media\/80925"}],"wp:attachment":[{"href":"https:\/\/sertv.gob.pa\/nacionalfm\/wp-json\/wp\/v2\/media?parent=80924"}],"wp:term":[{"taxonomy":"category","embeddable":true,"href":"https:\/\/sertv.gob.pa\/nacionalfm\/wp-json\/wp\/v2\/categories?post=80924"},{"taxonomy":"post_tag","embeddable":true,"href":"https:\/\/sertv.gob.pa\/nacionalfm\/wp-json\/wp\/v2\/tags?post=80924"}],"curies":[{"name":"wp","href":"https:\/\/api.w.org\/{rel}","templated":true}]}}