{"id":80927,"date":"2022-04-11T18:36:02","date_gmt":"2022-04-11T18:36:02","guid":{"rendered":"https:\/\/sertv.gob.pa\/nacionalfm\/?p=80927"},"modified":"2022-04-11T18:36:02","modified_gmt":"2022-04-11T18:36:02","slug":"ucrania-alerta-de-una-nueva-ofensiva-rusa-en-el-donbas-pero-afirma-estar-preparada-para-responder","status":"publish","type":"post","link":"https:\/\/sertv.gob.pa\/nacionalfm\/ucrania-alerta-de-una-nueva-ofensiva-rusa-en-el-donbas-pero-afirma-estar-preparada-para-responder\/","title":{"rendered":"Ucrania alerta de una nueva ofensiva rusa en el Donb\u00e1s pero afirma estar preparada para responder"},"content":{"rendered":"<p><strong><em>MADRID, (EUROPA PRESS) \u2013<\/em><\/strong><\/p>\n<p><strong><em>\u00a0<\/em><\/strong><\/p>\n<p>El Ministerio de Defensa de Ucrania ha alertado de que el reagrupamiento ruso en la regi\u00f3n del Donb\u00e1s podr\u00eda haber culminado y, por tanto, Mosc\u00fa se estar\u00eda preparando para una nueva ofensiva que, sin embargo, Kiev estar\u00eda lista para responder.<\/p>\n<p>\u00abSeg\u00fan nuestra informaci\u00f3n, el enemigo ha entrado en la fase de completar la reconstrucci\u00f3n de sus unidades y transferirlas a las regiones de Donetsk y Lugansk. Prevemos que las hostilidades activas comenzar\u00e1n en estas \u00e1reas en un futuro pr\u00f3ximo. Al mismo tiempo, el Ej\u00e9rcito ucraniano est\u00e1 listo\u00bb, ha explicado el ministro de Defensa ucraniano, Oleksander Motuzianik.<\/p>\n<p>Adem\u00e1s, Motuzianik ha apuntado que el n\u00famero de tropas rusas en la frontera \u00abha aumentado significativamente y seguir\u00e1 aumentando\u00bb, seg\u00fan recoge la agencia ucraniana de noticias UNIAN.<\/p>\n<p>El encargado de la cartera de Defensa ha incidido en que, si bien otras regiones de Ucrania han visto como aumentaban o se relajaban los ataques rusos, Donetsk y Lugansk son dos regiones que han estado bajo el punto de mira de Rusia desde el inicio de las hostilidades, a finales de febrero.<\/p>\n<p>Autoridades ucranianas, como el asesor de la Presidencia, Alexei Arestovich, o el jefe de la Administraci\u00f3n de Lugansk, Sergei Gaidai, ya hab\u00edan advertido del refuerzo de las tropas rusas en Donetsk y Lugansk, e incluso Gaidai alert\u00f3 de que Lugansk podr\u00eda convertirse en el nuevo Mari\u00fapol.<\/p>\n<p><strong>LA UE TAMBI\u00c9N TEME UNA OFENSIVA<\/strong><\/p>\n<p>El Alto Representante de la UE para Pol\u00edtica Exterior, Josep Borrell, tambi\u00e9n ha avisado este lunes de la concentraci\u00f3n de tropas rusas en el este de Ucrania, advirtiendo de una inminente ofensiva rusa contra la regi\u00f3n de Donb\u00e1s.<\/p>\n<p>\u00abLas tropas rusas est\u00e1n concentr\u00e1ndose en el este para lanzar un ataque contra el Donb\u00e1s. Me temo que la guerra los pr\u00f3ximos d\u00edas va a incrementar en el Donb\u00e1s\u00bb, ha alertado antes de la reuni\u00f3n del Consejo de Asuntos Exteriores que se celebra en Luxemburgo.<\/p>\n<p>El jefe de la diplomacia europea ha insistido en el apoyo a Kiev, tras asegurar que las guerras \u00abse ganan y pierden\u00bb en el campo de batalla. En este contexto la UE ha aprobado elevar la financiaci\u00f3n del env\u00edo de armas hasta los 1.500 millones y los aliados de la OTAN ya buscan formas de hacer llegar tanques a Ucrania.<\/p>\n<p>&nbsp;<\/p>\n<p>Fuente: EUROPA PRESS<\/p>\n","protected":false},"excerpt":{"rendered":"<p>MADRID, (EUROPA PRESS) \u2013 \u00a0 El Ministerio de Defensa de <a href=\"https:\/\/sertv.gob.pa\/nacionalfm\/ucrania-alerta-de-una-nueva-ofensiva-rusa-en-el-donbas-pero-afirma-estar-preparada-para-responder\/\"> [&#8230;]<\/a><\/p>\n","protected":false},"author":9,"featured_media":80928,"comment_status":"closed","ping_status":"closed","sticky":false,"template":"","format":"standard","meta":{"footnotes":""},"categories":[3],"tags":[],"class_list":["post-80927","post","type-post","status-publish","format-standard","has-post-thumbnail","hentry","category-internacionales"],"_links":{"self":[{"href":"https:\/\/sertv.gob.pa\/nacionalfm\/wp-json\/wp\/v2\/posts\/80927","targetHints":{"allow":["GET"]}}],"collection":[{"href":"https:\/\/sertv.gob.pa\/nacionalfm\/wp-json\/wp\/v2\/posts"}],"about":[{"href":"https:\/\/sertv.gob.pa\/nacionalfm\/wp-json\/wp\/v2\/types\/post"}],"author":[{"embeddable":true,"href":"https:\/\/sertv.gob.pa\/nacionalfm\/wp-json\/wp\/v2\/users\/9"}],"replies":[{"embeddable":true,"href":"https:\/\/sertv.gob.pa\/nacionalfm\/wp-json\/wp\/v2\/comments?post=80927"}],"version-history":[{"count":1,"href":"https:\/\/sertv.gob.pa\/nacionalfm\/wp-json\/wp\/v2\/posts\/80927\/revisions"}],"predecessor-version":[{"id":80929,"href":"https:\/\/sertv.gob.pa\/nacionalfm\/wp-json\/wp\/v2\/posts\/80927\/revisions\/80929"}],"wp:featuredmedia":[{"embeddable":true,"href":"https:\/\/sertv.gob.pa\/nacionalfm\/wp-json\/wp\/v2\/media\/80928"}],"wp:attachment":[{"href":"https:\/\/sertv.gob.pa\/nacionalfm\/wp-json\/wp\/v2\/media?parent=80927"}],"wp:term":[{"taxonomy":"category","embeddable":true,"href":"https:\/\/sertv.gob.pa\/nacionalfm\/wp-json\/wp\/v2\/categories?post=80927"},{"taxonomy":"post_tag","embeddable":true,"href":"https:\/\/sertv.gob.pa\/nacionalfm\/wp-json\/wp\/v2\/tags?post=80927"}],"curies":[{"name":"wp","href":"https:\/\/api.w.org\/{rel}","templated":true}]}}