{"id":80981,"date":"2022-04-12T17:47:02","date_gmt":"2022-04-12T17:47:02","guid":{"rendered":"https:\/\/sertv.gob.pa\/nacionalfm\/?p=80981"},"modified":"2022-04-12T17:47:02","modified_gmt":"2022-04-12T17:47:02","slug":"la-oms-ghana-y-noruega-lanzan-un-grupo-de-trabajo-para-reducir-las-muertes-por-enfermedades-no-transmisibles","status":"publish","type":"post","link":"https:\/\/sertv.gob.pa\/nacionalfm\/la-oms-ghana-y-noruega-lanzan-un-grupo-de-trabajo-para-reducir-las-muertes-por-enfermedades-no-transmisibles\/","title":{"rendered":"La OMS, Ghana y Noruega lanzan un grupo de trabajo para reducir las muertes por enfermedades no transmisibles"},"content":{"rendered":"<p><strong><em>MADRID, (EUROPA PRESS) \u2013<\/em><\/strong><\/p>\n<p><strong><em>\u00a0<\/em><\/strong><\/p>\n<p>La Organizaci\u00f3n Mundial de la Salud (OMS), Ghana y Noruega han acordado la creaci\u00f3n de un nuevo Grupo de Jefes de Estado y de Gobierno para acelerar los progresos hacia la reducci\u00f3n en un tercio de las muertes \u00abprematuras\u00bb por enfermedades no transmisibles (ENT), como la diabetes, el c\u00e1ncer, las cardiopat\u00edas y las enfermedades pulmonares, as\u00ed como la promoci\u00f3n de la salud mental y el bienestar.<\/p>\n<p>Esta decisi\u00f3n se ha tomado en el marco del Di\u00e1logo Estrat\u00e9gico Internacional sobre las Enfermedades No Transmisibles y los Objetivos de Desarrollo Sostenible, celebrado este martes en Accra (Ghana), donde se ha puesto en marcha un nuevo Pacto Mundial sobre las ENT.<\/p>\n<p>Los Jefes de Estado han reconocido la \u00aburgencia\u00bb de la pandemia de ENT, que mata a 7 de cada 10 personas en todo el mundo a causa de factores de riesgo como el tabaco, el alcohol, la dieta poco saludable, la inactividad f\u00edsica y la contaminaci\u00f3n atmosf\u00e9rica.<\/p>\n<p>Las ENT son en gran medida prevenibles y tratables, y podr\u00edan salvarse casi 7 millones de vidas por tan solo 0,84 d\u00f3lares (menos de un euro) por persona y a\u00f1o desde ahora hasta 2030. Esta inversi\u00f3n evitar\u00eda casi 10 millones de infartos de miocardio y accidentes cerebrovasculares en todo el mundo de aqu\u00ed a 2030.<\/p>\n<p>Este nuevo Grupo de Jefes de Estado y de Gobierno ha anunciado que reunir\u00e1 a los pa\u00edses que defienden la agenda de las ENT anualmente en la Asamblea General de la ONU. Se espera que la primera reuni\u00f3n tenga lugar en septiembre de 2022.<\/p>\n<p>El Pacto sobre las ENT se centrar\u00e1 en, primer lugar, en salvar, de aqu\u00ed a 2030, la vida de 50 millones de personas de morir prematuramente a causa de las ENT, aplicando las medidas m\u00e1s rentables para prevenir y controlarlas.<\/p>\n<p>Asimismo, tambi\u00e9n se ponen como objetivo proteger a 1.700 millones de personas que viven con ENT, garantizando su acceso a los medicamentos y la atenci\u00f3n que necesitan durante las emergencias humanitarias; as\u00ed como integrar las ENT en la atenci\u00f3n primaria de salud y la cobertura sanitaria universal.<\/p>\n<p>&nbsp;<\/p>\n<p>Fuente: EUROPA PRESS<\/p>\n<p>&nbsp;<\/p>\n","protected":false},"excerpt":{"rendered":"<p>MADRID, (EUROPA PRESS) \u2013 \u00a0 La Organizaci\u00f3n Mundial de la <a href=\"https:\/\/sertv.gob.pa\/nacionalfm\/la-oms-ghana-y-noruega-lanzan-un-grupo-de-trabajo-para-reducir-las-muertes-por-enfermedades-no-transmisibles\/\"> [&#8230;]<\/a><\/p>\n","protected":false},"author":9,"featured_media":80982,"comment_status":"closed","ping_status":"closed","sticky":false,"template":"","format":"standard","meta":{"footnotes":""},"categories":[3],"tags":[],"class_list":["post-80981","post","type-post","status-publish","format-standard","has-post-thumbnail","hentry","category-internacionales"],"_links":{"self":[{"href":"https:\/\/sertv.gob.pa\/nacionalfm\/wp-json\/wp\/v2\/posts\/80981","targetHints":{"allow":["GET"]}}],"collection":[{"href":"https:\/\/sertv.gob.pa\/nacionalfm\/wp-json\/wp\/v2\/posts"}],"about":[{"href":"https:\/\/sertv.gob.pa\/nacionalfm\/wp-json\/wp\/v2\/types\/post"}],"author":[{"embeddable":true,"href":"https:\/\/sertv.gob.pa\/nacionalfm\/wp-json\/wp\/v2\/users\/9"}],"replies":[{"embeddable":true,"href":"https:\/\/sertv.gob.pa\/nacionalfm\/wp-json\/wp\/v2\/comments?post=80981"}],"version-history":[{"count":1,"href":"https:\/\/sertv.gob.pa\/nacionalfm\/wp-json\/wp\/v2\/posts\/80981\/revisions"}],"predecessor-version":[{"id":80984,"href":"https:\/\/sertv.gob.pa\/nacionalfm\/wp-json\/wp\/v2\/posts\/80981\/revisions\/80984"}],"wp:featuredmedia":[{"embeddable":true,"href":"https:\/\/sertv.gob.pa\/nacionalfm\/wp-json\/wp\/v2\/media\/80982"}],"wp:attachment":[{"href":"https:\/\/sertv.gob.pa\/nacionalfm\/wp-json\/wp\/v2\/media?parent=80981"}],"wp:term":[{"taxonomy":"category","embeddable":true,"href":"https:\/\/sertv.gob.pa\/nacionalfm\/wp-json\/wp\/v2\/categories?post=80981"},{"taxonomy":"post_tag","embeddable":true,"href":"https:\/\/sertv.gob.pa\/nacionalfm\/wp-json\/wp\/v2\/tags?post=80981"}],"curies":[{"name":"wp","href":"https:\/\/api.w.org\/{rel}","templated":true}]}}