{"id":80985,"date":"2022-04-12T18:09:30","date_gmt":"2022-04-12T18:09:30","guid":{"rendered":"https:\/\/sertv.gob.pa\/nacionalfm\/?p=80985"},"modified":"2022-04-12T18:09:30","modified_gmt":"2022-04-12T18:09:30","slug":"buscan-al-responsable-del-ataque-que-han-dejado-al-menos-16-heridos-en-el-metro-de-nueva-york","status":"publish","type":"post","link":"https:\/\/sertv.gob.pa\/nacionalfm\/buscan-al-responsable-del-ataque-que-han-dejado-al-menos-16-heridos-en-el-metro-de-nueva-york\/","title":{"rendered":"Buscan al responsable del ataque que han dejado al menos 16 heridos en el metro de Nueva York"},"content":{"rendered":"<p>El individuo, ataviado con una m\u00e1scara de gas, ha lanzado bombas de humo y ha abierto fuego contra los viajeros<\/p>\n<p>&nbsp;<\/p>\n<p><strong><em>MADRID, (EUROPA PRESS) &#8211;<\/em><\/strong><\/p>\n<p>Al menos 16 personas han resultado heridas &#8211;diez de ellas por impactos de bala&#8211; este martes como consecuencia de un tiroteo ocurrido en el metro de Nueva York, concretamente en el barrio de Brooklyn, seg\u00fan ha informado el Departamento de Bomberos de la ciudad (FDNY, por sus siglas en ingl\u00e9s). Cinco de los heridos est\u00e1n en estado cr\u00edtico.<\/p>\n<p>\u00abTenemos una situaci\u00f3n de un tirador activo en estos momentos en la ciudad de Nueva York\u00bb, ha explicado la gobernadora del estado, Kathy Hochul en rueda de prensa desde el lugar de los hechos. Las fuerzas de seguridad buscan a un hombre con una m\u00e1scara de gas y ataviado con un chaleco reflectante naranja.<\/p>\n<p>Tambi\u00e9n ha participado en la rueda de prensa el comisario de la Polic\u00eda neoyorquina, Keechant Sewell, quien ha explicado que no se est\u00e1 investigando lo ocurrido como un atentado terrorista. Adem\u00e1s, a la pregunta sobre si el atacante ten\u00eda alg\u00fan tipo de personas como objetivo, ha indicado que \u00ablas v\u00edctimas tienen diversidad \u00e9tnica\u00bb.<\/p>\n<p>Los bomberos y la Polic\u00eda han acudido este martes sobre las 8.30, hora local, en plena hora punta, a la estaci\u00f3n de metro de Calle 36, en el vecindario de Sunset Park de Brooklyn tras una llamada alertando de la presencia de humo. Al llegar al lugar encontraron a varias personas heridas de bala y varios dispositivos sin detonar, supuestamente tambi\u00e9n bombas de humo.<\/p>\n<p>Un v\u00eddeo difundido por el peri\u00f3dico sensacionalista &#8216;The New York Post&#8217; muestra c\u00f3mo se abren las puertas de uno de los trenes y comienzan a salir pasajeros entre humo que sale del interior. Momentos despu\u00e9s salen al menos tres personas cojeando y una de ellas se tiende en el suelo del and\u00e9n tras dejar atr\u00e1s un rastro de sangre mientras el resto de transe\u00fantes se marcha o graba a la persona herida con sus tel\u00e9fonos m\u00f3viles.<\/p>\n<p>Otro v\u00eddeo muestra c\u00f3mo los pasajeros se apelotonan en uno de los extremos del vag\u00f3n tras escuchar los disparos. La estaci\u00f3n tiene correspondencia con hasta tres l\u00edneas del metro neoyorquino: D, N y R.<\/p>\n<p>La zona de la estaci\u00f3n de metro ha sido ya acordonada por las fuerzas de seguridad y hay decenas de veh\u00edculos de la Polic\u00eda en las cuatro manzanas colindantes.<\/p>\n<p>El presidente estadounidense, Joe Biden, est\u00e1 siendo informado de todo lo que est\u00e1 pasando, seg\u00fan las autoridades. Tambi\u00e9n recibe la informaci\u00f3n el alcalde de Nueva York, Eric Adams, quien est\u00e1 en aislamiento por coronavirus tras dar positivo este domingo.<\/p>\n<p>&nbsp;<\/p>\n<p>Fuente: EUROPA PRESS<\/p>\n<p>&nbsp;<\/p>\n","protected":false},"excerpt":{"rendered":"<p>El individuo, ataviado con una m\u00e1scara de gas, ha lanzado <a href=\"https:\/\/sertv.gob.pa\/nacionalfm\/buscan-al-responsable-del-ataque-que-han-dejado-al-menos-16-heridos-en-el-metro-de-nueva-york\/\"> [&#8230;]<\/a><\/p>\n","protected":false},"author":9,"featured_media":80986,"comment_status":"closed","ping_status":"closed","sticky":false,"template":"","format":"standard","meta":{"footnotes":""},"categories":[3],"tags":[],"class_list":["post-80985","post","type-post","status-publish","format-standard","has-post-thumbnail","hentry","category-internacionales"],"_links":{"self":[{"href":"https:\/\/sertv.gob.pa\/nacionalfm\/wp-json\/wp\/v2\/posts\/80985","targetHints":{"allow":["GET"]}}],"collection":[{"href":"https:\/\/sertv.gob.pa\/nacionalfm\/wp-json\/wp\/v2\/posts"}],"about":[{"href":"https:\/\/sertv.gob.pa\/nacionalfm\/wp-json\/wp\/v2\/types\/post"}],"author":[{"embeddable":true,"href":"https:\/\/sertv.gob.pa\/nacionalfm\/wp-json\/wp\/v2\/users\/9"}],"replies":[{"embeddable":true,"href":"https:\/\/sertv.gob.pa\/nacionalfm\/wp-json\/wp\/v2\/comments?post=80985"}],"version-history":[{"count":1,"href":"https:\/\/sertv.gob.pa\/nacionalfm\/wp-json\/wp\/v2\/posts\/80985\/revisions"}],"predecessor-version":[{"id":80989,"href":"https:\/\/sertv.gob.pa\/nacionalfm\/wp-json\/wp\/v2\/posts\/80985\/revisions\/80989"}],"wp:featuredmedia":[{"embeddable":true,"href":"https:\/\/sertv.gob.pa\/nacionalfm\/wp-json\/wp\/v2\/media\/80986"}],"wp:attachment":[{"href":"https:\/\/sertv.gob.pa\/nacionalfm\/wp-json\/wp\/v2\/media?parent=80985"}],"wp:term":[{"taxonomy":"category","embeddable":true,"href":"https:\/\/sertv.gob.pa\/nacionalfm\/wp-json\/wp\/v2\/categories?post=80985"},{"taxonomy":"post_tag","embeddable":true,"href":"https:\/\/sertv.gob.pa\/nacionalfm\/wp-json\/wp\/v2\/tags?post=80985"}],"curies":[{"name":"wp","href":"https:\/\/api.w.org\/{rel}","templated":true}]}}