{"id":81,"date":"2014-07-03T05:00:00","date_gmt":"2014-07-03T05:00:00","guid":{"rendered":""},"modified":"2014-07-03T05:00:00","modified_gmt":"2014-07-03T05:00:00","slug":"solicitan-a-padres-alejar-anticonceptivos-de-ninos-pequenos","status":"publish","type":"post","link":"https:\/\/sertv.gob.pa\/nacionalfm\/solicitan-a-padres-alejar-anticonceptivos-de-ninos-pequenos\/","title":{"rendered":"Solicitan a padres alejar anticonceptivos de ni\u00f1os peque\u00f1os"},"content":{"rendered":"<p>\nEl Ministerio de Salud (Minsa) emiti\u00f3 una nota informativa para solicitar a los padres que tengan cuidado en el almacenamiento de productos anticonceptivos. <\/p>\n<p>La nota fue emitida luego de que las autoridades sanitarias conocieran del caso de un ni\u00f1o paname\u00f1o de ocho a\u00f1os de edad que presenta ginecomastia (crecimiento de las mamas masculinas) y quien durante un periodo no precisado de tiempo ingiriera pastillas anticonceptivas en su casa. <\/p>\n<p>\u00abSe trata de un ni\u00f1o de ocho a\u00f1os de edad que present\u00f3 Ginecomastia, evento que, se sospecha, sea el resultado de la exposici\u00f3n accidental a anticonceptivos intravaginales. Dicha exposici\u00f3n se da a partir de muestras m\u00e9dicas del anticonceptivo que se encuentran en la casa del menor y que son custodiadas por la madre ya que es representante m\u00e9dico de un laboratorio farmac\u00e9utico\u00bb, explica la nota. <\/p>\n<p>Para evitar que se repitan casos parecidos, el Minsa reiter\u00f3 que los padres deben mantener los medicamentos alejados de los ni\u00f1os. <\/p>\n<p>\u00abA la poblaci\u00f3n en general mantengan los medicamentos en un sitio seguro donde los ni\u00f1os no puedan alcanzarlos. \u00c9ste debe cumplir con las mejores condiciones de almacenamiento&rdquo;.\u00a0 @nacionalFm <\/p>\n<p>\u00a0 <\/p>\n","protected":false},"excerpt":{"rendered":"<p>El Ministerio de Salud (Minsa) emiti\u00f3 una nota informativa para <a href=\"https:\/\/sertv.gob.pa\/nacionalfm\/solicitan-a-padres-alejar-anticonceptivos-de-ninos-pequenos\/\"> [&#8230;]<\/a><\/p>\n","protected":false},"author":1,"featured_media":82,"comment_status":"closed","ping_status":"closed","sticky":false,"template":"","format":"standard","meta":{"footnotes":""},"categories":[5],"tags":[],"class_list":["post-81","post","type-post","status-publish","format-standard","has-post-thumbnail","hentry","category-salud"],"_links":{"self":[{"href":"https:\/\/sertv.gob.pa\/nacionalfm\/wp-json\/wp\/v2\/posts\/81","targetHints":{"allow":["GET"]}}],"collection":[{"href":"https:\/\/sertv.gob.pa\/nacionalfm\/wp-json\/wp\/v2\/posts"}],"about":[{"href":"https:\/\/sertv.gob.pa\/nacionalfm\/wp-json\/wp\/v2\/types\/post"}],"author":[{"embeddable":true,"href":"https:\/\/sertv.gob.pa\/nacionalfm\/wp-json\/wp\/v2\/users\/1"}],"replies":[{"embeddable":true,"href":"https:\/\/sertv.gob.pa\/nacionalfm\/wp-json\/wp\/v2\/comments?post=81"}],"version-history":[{"count":0,"href":"https:\/\/sertv.gob.pa\/nacionalfm\/wp-json\/wp\/v2\/posts\/81\/revisions"}],"wp:featuredmedia":[{"embeddable":true,"href":"https:\/\/sertv.gob.pa\/nacionalfm\/wp-json\/wp\/v2\/media\/82"}],"wp:attachment":[{"href":"https:\/\/sertv.gob.pa\/nacionalfm\/wp-json\/wp\/v2\/media?parent=81"}],"wp:term":[{"taxonomy":"category","embeddable":true,"href":"https:\/\/sertv.gob.pa\/nacionalfm\/wp-json\/wp\/v2\/categories?post=81"},{"taxonomy":"post_tag","embeddable":true,"href":"https:\/\/sertv.gob.pa\/nacionalfm\/wp-json\/wp\/v2\/tags?post=81"}],"curies":[{"name":"wp","href":"https:\/\/api.w.org\/{rel}","templated":true}]}}