{"id":81057,"date":"2022-04-13T20:04:36","date_gmt":"2022-04-13T20:04:36","guid":{"rendered":"https:\/\/sertv.gob.pa\/nacionalfm\/?p=81057"},"modified":"2022-04-13T20:04:36","modified_gmt":"2022-04-13T20:04:36","slug":"detienen-al-sospechoso-del-ataque-del-metro-de-nueva-york","status":"publish","type":"post","link":"https:\/\/sertv.gob.pa\/nacionalfm\/detienen-al-sospechoso-del-ataque-del-metro-de-nueva-york\/","title":{"rendered":"Detienen al sospechoso del ataque del metro de Nueva York"},"content":{"rendered":"<p><strong><em>MADRID, (EUROPA PRESS) \u2013<\/em><\/strong><\/p>\n<p><strong><em>\u00a0<\/em><\/strong><\/p>\n<p>La Polic\u00eda de Nueva York ha detenido este mi\u00e9rcoles a Frank R. James, principal sospechoso del ataque del martes en el metro de la ciudad, que dej\u00f3 cerca de treinta heridos, seg\u00fan han revelado fuentes policiales a varios medios.<\/p>\n<p>James, de 62 a\u00f1os, por quien las autoridades hab\u00edan ofrecido una recompensa de hasta 50.000 d\u00f3lares para quienes ofreciera informaci\u00f3n que pudiera ayudar a dar con \u00e9l, ha sido arrestado por una patrulla en el barrio de East Village, en el Bajo Manhattan, detalla la CNN.<\/p>\n<p>Horas antes, las autoridades policiales revelaron que James hab\u00eda mostrado meses atr\u00e1s a trav\u00e9s de varios v\u00eddeos de YouTube sus deseos de \u00abexterminar\u00bb a seg\u00fan qu\u00e9 tipo de personas, as\u00ed como su descontento con el alcalde de la ciudad, Eric Adams, por no permitir que las personas sin hogar pernocten en las instalaciones del suburbano.<\/p>\n<p>La Polic\u00eda ha compartido una captura de imagen de un v\u00eddeo del canal de YouTube Prophet of Truth 88 (Profeta de la Verdad 88), en la que James aborda en largas peroratas repletas de improperios y vocabulario malsonante todo aquello que le aflige, dando rienda suelta a su misantrop\u00eda.<\/p>\n<p>Los medios estadounidenses han publicado algunos de los v\u00eddeos de \u00e9l en los que James asegura haber experimentado el fuerte deseo de matar gente, aunque la perspectiva de acaba en la c\u00e1rcel es lo que le ha frenado hasta el momento.<\/p>\n<p>En otra de las grabaciones ha mostrado su decepci\u00f3n con la designada nueva juez del Tribunal Supremo de Estados Ketanji Brown Jackson por estar casada con un hombre blanco, as\u00ed como con el alcalde James por reforzar la seguridad del metro.<\/p>\n<p>Los bomberos y la Polic\u00eda acudieron este martes sobre las 8.30, hora local, en plena hora punta, a la estaci\u00f3n de metro de la Calle 36, en el vecindario de Sunset Park de Brooklyn tras una llamada alertando de la presencia de humo.<\/p>\n<p>Al llegar al lugar encontraron a varias personas heridas de bala y varios dispositivos sin detonar, supuestamente tambi\u00e9n bombas de humo. Las autoridades creen ahora que James ser\u00eda el autor de este ataque, a quien testigos identificaron como un hombre negro ataviado con una m\u00e1scara antig\u00e1s y un chaleco naranja reflectante como los que suelen utilizar los trabajadores del metro de Nueva York.<\/p>\n<p>El jefe de la Polic\u00eda de Nueva York, James Essig, inform\u00f3 entonces que el sospechoso dispar\u00f3 en al menos 33 ocasiones, hiriendo a diez personas, mientras que el resto de afectados presentaron diversas lesiones, como contusiones o por inhalaci\u00f3n de humo.<\/p>\n<p>&nbsp;<\/p>\n<p>Fuente: EUROPA PRESS<\/p>\n","protected":false},"excerpt":{"rendered":"<p>MADRID, (EUROPA PRESS) \u2013 \u00a0 La Polic\u00eda de Nueva York <a href=\"https:\/\/sertv.gob.pa\/nacionalfm\/detienen-al-sospechoso-del-ataque-del-metro-de-nueva-york\/\"> [&#8230;]<\/a><\/p>\n","protected":false},"author":9,"featured_media":81058,"comment_status":"closed","ping_status":"closed","sticky":false,"template":"","format":"standard","meta":{"footnotes":""},"categories":[3],"tags":[],"class_list":["post-81057","post","type-post","status-publish","format-standard","has-post-thumbnail","hentry","category-internacionales"],"_links":{"self":[{"href":"https:\/\/sertv.gob.pa\/nacionalfm\/wp-json\/wp\/v2\/posts\/81057","targetHints":{"allow":["GET"]}}],"collection":[{"href":"https:\/\/sertv.gob.pa\/nacionalfm\/wp-json\/wp\/v2\/posts"}],"about":[{"href":"https:\/\/sertv.gob.pa\/nacionalfm\/wp-json\/wp\/v2\/types\/post"}],"author":[{"embeddable":true,"href":"https:\/\/sertv.gob.pa\/nacionalfm\/wp-json\/wp\/v2\/users\/9"}],"replies":[{"embeddable":true,"href":"https:\/\/sertv.gob.pa\/nacionalfm\/wp-json\/wp\/v2\/comments?post=81057"}],"version-history":[{"count":1,"href":"https:\/\/sertv.gob.pa\/nacionalfm\/wp-json\/wp\/v2\/posts\/81057\/revisions"}],"predecessor-version":[{"id":81059,"href":"https:\/\/sertv.gob.pa\/nacionalfm\/wp-json\/wp\/v2\/posts\/81057\/revisions\/81059"}],"wp:featuredmedia":[{"embeddable":true,"href":"https:\/\/sertv.gob.pa\/nacionalfm\/wp-json\/wp\/v2\/media\/81058"}],"wp:attachment":[{"href":"https:\/\/sertv.gob.pa\/nacionalfm\/wp-json\/wp\/v2\/media?parent=81057"}],"wp:term":[{"taxonomy":"category","embeddable":true,"href":"https:\/\/sertv.gob.pa\/nacionalfm\/wp-json\/wp\/v2\/categories?post=81057"},{"taxonomy":"post_tag","embeddable":true,"href":"https:\/\/sertv.gob.pa\/nacionalfm\/wp-json\/wp\/v2\/tags?post=81057"}],"curies":[{"name":"wp","href":"https:\/\/api.w.org\/{rel}","templated":true}]}}