{"id":81103,"date":"2022-04-14T16:12:58","date_gmt":"2022-04-14T16:12:58","guid":{"rendered":"https:\/\/sertv.gob.pa\/nacionalfm\/?p=81103"},"modified":"2022-04-14T16:19:45","modified_gmt":"2022-04-14T16:19:45","slug":"comunicado-de-la-autoridad-de-transito-y-transporte-terrestre-de-panama","status":"publish","type":"post","link":"https:\/\/sertv.gob.pa\/nacionalfm\/comunicado-de-la-autoridad-de-transito-y-transporte-terrestre-de-panama\/","title":{"rendered":"COMUNICADO de la Autoridad de Tr\u00e1nsito y Transporte Terrestre de Panam\u00e1"},"content":{"rendered":"<p><strong><em>Por medio de nota, representantes de la Autoridad de Tr\u00e1nsito y Transporte Terrestre de la Rep\u00fablica de Panam\u00e1, informan a continuaci\u00f3n:<\/em><\/strong><\/p>\n<p>&nbsp;<\/p>\n<p>La Autoridad del Tr\u00e1nsito y Transporte Terrestre, en coordinaci\u00f3n con la Direcci\u00f3n de Operaciones de Tr\u00e1nsito de la Polic\u00eda Nacional, informa que a partir de las 12:00 p.m. del jueves 14 hasta las 12:01 a.m. del lunes\u00a018 de abril\u00a0de 2022, se suspenden los trabajos que requieran cierre u ocupaci\u00f3n de carriles de circulaci\u00f3n sobre la Carretera Panamericana desde y hacia el interior del pa\u00eds, y sobre la Carretera Nacional que comunica Divisa, Chitr\u00e9 y Los Santos.<\/p>\n<p>&nbsp;<\/p>\n<p>Se les reitera a los conductores respetar y seguir las indicaciones giradas por personal de la Polic\u00eda de Tr\u00e1nsito y los inspectores de la ATTT.<\/p>\n<p>&nbsp;<\/p>\n<p>Fuente: ATTT<\/p>\n","protected":false},"excerpt":{"rendered":"<p>Por medio de nota, representantes de la Autoridad de Tr\u00e1nsito <a href=\"https:\/\/sertv.gob.pa\/nacionalfm\/comunicado-de-la-autoridad-de-transito-y-transporte-terrestre-de-panama\/\"> [&#8230;]<\/a><\/p>\n","protected":false},"author":9,"featured_media":81067,"comment_status":"closed","ping_status":"closed","sticky":false,"template":"","format":"standard","meta":{"footnotes":""},"categories":[2],"tags":[],"class_list":["post-81103","post","type-post","status-publish","format-standard","has-post-thumbnail","hentry","category-nacionales"],"_links":{"self":[{"href":"https:\/\/sertv.gob.pa\/nacionalfm\/wp-json\/wp\/v2\/posts\/81103","targetHints":{"allow":["GET"]}}],"collection":[{"href":"https:\/\/sertv.gob.pa\/nacionalfm\/wp-json\/wp\/v2\/posts"}],"about":[{"href":"https:\/\/sertv.gob.pa\/nacionalfm\/wp-json\/wp\/v2\/types\/post"}],"author":[{"embeddable":true,"href":"https:\/\/sertv.gob.pa\/nacionalfm\/wp-json\/wp\/v2\/users\/9"}],"replies":[{"embeddable":true,"href":"https:\/\/sertv.gob.pa\/nacionalfm\/wp-json\/wp\/v2\/comments?post=81103"}],"version-history":[{"count":2,"href":"https:\/\/sertv.gob.pa\/nacionalfm\/wp-json\/wp\/v2\/posts\/81103\/revisions"}],"predecessor-version":[{"id":81105,"href":"https:\/\/sertv.gob.pa\/nacionalfm\/wp-json\/wp\/v2\/posts\/81103\/revisions\/81105"}],"wp:featuredmedia":[{"embeddable":true,"href":"https:\/\/sertv.gob.pa\/nacionalfm\/wp-json\/wp\/v2\/media\/81067"}],"wp:attachment":[{"href":"https:\/\/sertv.gob.pa\/nacionalfm\/wp-json\/wp\/v2\/media?parent=81103"}],"wp:term":[{"taxonomy":"category","embeddable":true,"href":"https:\/\/sertv.gob.pa\/nacionalfm\/wp-json\/wp\/v2\/categories?post=81103"},{"taxonomy":"post_tag","embeddable":true,"href":"https:\/\/sertv.gob.pa\/nacionalfm\/wp-json\/wp\/v2\/tags?post=81103"}],"curies":[{"name":"wp","href":"https:\/\/api.w.org\/{rel}","templated":true}]}}