{"id":81140,"date":"2022-04-18T19:23:00","date_gmt":"2022-04-18T19:23:00","guid":{"rendered":"https:\/\/sertv.gob.pa\/nacionalfm\/?p=81140"},"modified":"2022-04-18T19:23:00","modified_gmt":"2022-04-18T19:23:00","slug":"la-ue-pide-a-rusia-cesar-las-hostilidades-inmediatamente-mientras-los-ataques-con-misiles-se-intensifican","status":"publish","type":"post","link":"https:\/\/sertv.gob.pa\/nacionalfm\/la-ue-pide-a-rusia-cesar-las-hostilidades-inmediatamente-mientras-los-ataques-con-misiles-se-intensifican\/","title":{"rendered":"La UE pide a Rusia cesar las hostilidades \u00abinmediatamente\u00bb mientras los ataques con misiles se intensifican"},"content":{"rendered":"<p><strong><em>MADRID, (EUROPA PRESS) \u2013<\/em><\/strong><\/p>\n<p><strong><em>\u00a0<\/em><\/strong><\/p>\n<p>La Uni\u00f3n Europea (UE) ha reiterado este lunes su llamamiento a Rusia para que cese \u00abinmediata e incondicionalmente\u00bb las hostilidades en Ucrania y retire sus fuerzas y su equipamiento militar del pa\u00eds, mientras los ataques con misiles sobre las ciudades ucranianas se intensifican.<\/p>\n<p>En un comunicado, el Alto Representante de la Uni\u00f3n Europea para Pol\u00edtica Exterior, Josep Borrell, ha destacado que Ucrania est\u00e1 bajo \u00ablos ataques con misiles m\u00e1s intensos\u00bb que ha vivido en semanas, por lo que ha condenado los bombardeos \u00abcontinuos, indiscriminados e ilegales\u00bb contra civiles e infraestructura civil achacados a las fuerzas rusas.<\/p>\n<p>\u00abIncluidos particularmente grandes ataques en los \u00faltimos d\u00edas en el este y el sur de Ucrania, en la regi\u00f3n de Lugansk, Severodonetsk, Lisichansk y Popasna\u00bb, ha agregado, antes de resaltar igualmente que grandes ciudadens, como J\u00e1rkov, contin\u00faan siendo atacadas \u00abindiscriminadamente\u00bb.<\/p>\n<p>\u00abLos ataques contra Le\u00f3polis y otras ciudades del oeste de Ucrania muestran que ninguna zona del pa\u00eds est\u00e1 a salvo del violento ataque sin sentido del Kremlin\u00bb, ha agregado.<\/p>\n<p>En este contexto, ha recordado que la UE apoya \u00abactivamente\u00bb la labor del Tribunal Penal Internacional (TPI) y las medidas para asegurar la rendici\u00f3n de cuentas por las violaciones a los Derechos Humanos y al Derecho Internacional humanitario. \u00abNo puede haber impunidad para los cr\u00edmenes de guerra\u00bb, ha insistido.<\/p>\n<p>Por \u00faltimo, ha alabado la fortaleza, el coraje y la resistencia de la ciudadan\u00eda ucraniana para lidiar con la \u00abagresi\u00f3n\u00bb rusa y ha reiterado su \u00abfirme solidaridad\u00bb con ellos, tambi\u00e9n con el env\u00edo de equipamiento militar al pa\u00eds europeo.<\/p>\n<p>Siete civiles han muerto y ocho han resultado heridos, incluido un ni\u00f1o, tras los ataques a\u00e9reos de este lunes en Le\u00f3polis, en el este del pa\u00eds. Adem\u00e1s, en Kiev ha habido nuevos ataques a\u00e9reos durante el fin de semana tras unas semanas de relativa calma.<\/p>\n<p>Sin embargo, el conflicto se agrava en el este del pa\u00eds, con nuevos ataques a\u00e9reos este domingo sobre la ciudad de J\u00e1rkov, durante la celebraci\u00f3n del Domingo de Ramos ortodoxo. All\u00ed han muerto en los \u00faltimos d\u00edas al menos diez personas, incluido un ni\u00f1o de 15 a\u00f1os y un beb\u00e9.<\/p>\n<p>&nbsp;<\/p>\n<p>Fuente: EUROPA PRESS<\/p>\n","protected":false},"excerpt":{"rendered":"<p>MADRID, (EUROPA PRESS) \u2013 \u00a0 La Uni\u00f3n Europea (UE) ha <a href=\"https:\/\/sertv.gob.pa\/nacionalfm\/la-ue-pide-a-rusia-cesar-las-hostilidades-inmediatamente-mientras-los-ataques-con-misiles-se-intensifican\/\"> [&#8230;]<\/a><\/p>\n","protected":false},"author":9,"featured_media":81141,"comment_status":"closed","ping_status":"closed","sticky":false,"template":"","format":"standard","meta":{"footnotes":""},"categories":[3],"tags":[],"class_list":["post-81140","post","type-post","status-publish","format-standard","has-post-thumbnail","hentry","category-internacionales"],"_links":{"self":[{"href":"https:\/\/sertv.gob.pa\/nacionalfm\/wp-json\/wp\/v2\/posts\/81140","targetHints":{"allow":["GET"]}}],"collection":[{"href":"https:\/\/sertv.gob.pa\/nacionalfm\/wp-json\/wp\/v2\/posts"}],"about":[{"href":"https:\/\/sertv.gob.pa\/nacionalfm\/wp-json\/wp\/v2\/types\/post"}],"author":[{"embeddable":true,"href":"https:\/\/sertv.gob.pa\/nacionalfm\/wp-json\/wp\/v2\/users\/9"}],"replies":[{"embeddable":true,"href":"https:\/\/sertv.gob.pa\/nacionalfm\/wp-json\/wp\/v2\/comments?post=81140"}],"version-history":[{"count":1,"href":"https:\/\/sertv.gob.pa\/nacionalfm\/wp-json\/wp\/v2\/posts\/81140\/revisions"}],"predecessor-version":[{"id":81142,"href":"https:\/\/sertv.gob.pa\/nacionalfm\/wp-json\/wp\/v2\/posts\/81140\/revisions\/81142"}],"wp:featuredmedia":[{"embeddable":true,"href":"https:\/\/sertv.gob.pa\/nacionalfm\/wp-json\/wp\/v2\/media\/81141"}],"wp:attachment":[{"href":"https:\/\/sertv.gob.pa\/nacionalfm\/wp-json\/wp\/v2\/media?parent=81140"}],"wp:term":[{"taxonomy":"category","embeddable":true,"href":"https:\/\/sertv.gob.pa\/nacionalfm\/wp-json\/wp\/v2\/categories?post=81140"},{"taxonomy":"post_tag","embeddable":true,"href":"https:\/\/sertv.gob.pa\/nacionalfm\/wp-json\/wp\/v2\/tags?post=81140"}],"curies":[{"name":"wp","href":"https:\/\/api.w.org\/{rel}","templated":true}]}}