{"id":81143,"date":"2022-04-18T19:43:48","date_gmt":"2022-04-18T19:43:48","guid":{"rendered":"https:\/\/sertv.gob.pa\/nacionalfm\/?p=81143"},"modified":"2022-04-18T19:43:48","modified_gmt":"2022-04-18T19:43:48","slug":"israel-denuncia-el-lanzamiento-de-un-cohete-desde-gaza","status":"publish","type":"post","link":"https:\/\/sertv.gob.pa\/nacionalfm\/israel-denuncia-el-lanzamiento-de-un-cohete-desde-gaza\/","title":{"rendered":"Israel denuncia el lanzamiento de un cohete desde Gaza"},"content":{"rendered":"<p><strong><em>MADRID, (EUROPA PRESS) \u2013<\/em><\/strong><\/p>\n<p>&nbsp;<\/p>\n<p>Las Fuerzas de Defensa de Israel (FDI) han anunciado que el sistema de defensa a\u00e9rea &#8211;conocido como la C\u00fapula de Hierro&#8211; ha interceptado un cohete lanzado este lunes desde la Franja de Gaza.<\/p>\n<p>Las autoridades locales han confirmado que no hay civiles heridos, si bien han instado a la ciudadan\u00eda de las ciudades de Kissufim y Ein Hashlosha, cercanas a Gaza, a que se resguarden en sus domicilios ante la posibilidad de nuevos ataques.<\/p>\n<p>Este ataque se produce en un contexto de tensiones con Israel tras la reciente intervenci\u00f3n policial israel\u00ed contra fieles musulmanes en la Explanada de las Mezquitas que el viernes se sald\u00f3 con m\u00e1s de 150 heridos y 400 detenidos y varios atentados en Israel que en las \u00faltimas semanas han dejado m\u00e1s de una decena de civiles muertos.<\/p>\n<p>Seg\u00fan recoge la prensa israel\u00ed, la \u00faltima vez que la C\u00fapula de Hierro intercept\u00f3 cohetes lanzados desde Gaza fue a comienzos de a\u00f1o, cuando dos proyectiles cayeron al mar frente a las costas de Tel Aviv el 1 de enero. En aquel momento el Ej\u00e9rcito israel\u00ed respondi\u00f3 con ataques contra objetivos del Movimiento de Resistencia Isl\u00e1mica (Ham\u00e1s).<\/p>\n<p>Los incidentes en la Explanada de las Mezquitas ha desembocado en cr\u00edticas desde Jordania, afeadas por el Gobierno israel\u00ed. Este a\u00f1o la tensi\u00f3n se ha multiplicado porque el mes santo musulm\u00e1n del Ramad\u00e1n coincide con la Pascua jud\u00eda y la Semana Santa cristiana y sus actos en la ciudad de Jerusal\u00e9n, todas estas religiones que reclaman como suya la zona.<\/p>\n<p>La Autoridad Palestina ha recordado por su parte las recientes resoluciones, como la de la UNESCO de 2016, que ratifican que \u00abla mezquita es una mezquita para los musulmanes\u00bb.<\/p>\n<p>&nbsp;<\/p>\n<p>Fuente: EUROPA PRESS<\/p>\n","protected":false},"excerpt":{"rendered":"<p>MADRID, (EUROPA PRESS) \u2013 &nbsp; Las Fuerzas de Defensa de <a href=\"https:\/\/sertv.gob.pa\/nacionalfm\/israel-denuncia-el-lanzamiento-de-un-cohete-desde-gaza\/\"> [&#8230;]<\/a><\/p>\n","protected":false},"author":9,"featured_media":81144,"comment_status":"closed","ping_status":"closed","sticky":false,"template":"","format":"standard","meta":{"footnotes":""},"categories":[3],"tags":[],"class_list":["post-81143","post","type-post","status-publish","format-standard","has-post-thumbnail","hentry","category-internacionales"],"_links":{"self":[{"href":"https:\/\/sertv.gob.pa\/nacionalfm\/wp-json\/wp\/v2\/posts\/81143","targetHints":{"allow":["GET"]}}],"collection":[{"href":"https:\/\/sertv.gob.pa\/nacionalfm\/wp-json\/wp\/v2\/posts"}],"about":[{"href":"https:\/\/sertv.gob.pa\/nacionalfm\/wp-json\/wp\/v2\/types\/post"}],"author":[{"embeddable":true,"href":"https:\/\/sertv.gob.pa\/nacionalfm\/wp-json\/wp\/v2\/users\/9"}],"replies":[{"embeddable":true,"href":"https:\/\/sertv.gob.pa\/nacionalfm\/wp-json\/wp\/v2\/comments?post=81143"}],"version-history":[{"count":1,"href":"https:\/\/sertv.gob.pa\/nacionalfm\/wp-json\/wp\/v2\/posts\/81143\/revisions"}],"predecessor-version":[{"id":81145,"href":"https:\/\/sertv.gob.pa\/nacionalfm\/wp-json\/wp\/v2\/posts\/81143\/revisions\/81145"}],"wp:featuredmedia":[{"embeddable":true,"href":"https:\/\/sertv.gob.pa\/nacionalfm\/wp-json\/wp\/v2\/media\/81144"}],"wp:attachment":[{"href":"https:\/\/sertv.gob.pa\/nacionalfm\/wp-json\/wp\/v2\/media?parent=81143"}],"wp:term":[{"taxonomy":"category","embeddable":true,"href":"https:\/\/sertv.gob.pa\/nacionalfm\/wp-json\/wp\/v2\/categories?post=81143"},{"taxonomy":"post_tag","embeddable":true,"href":"https:\/\/sertv.gob.pa\/nacionalfm\/wp-json\/wp\/v2\/tags?post=81143"}],"curies":[{"name":"wp","href":"https:\/\/api.w.org\/{rel}","templated":true}]}}