{"id":81193,"date":"2022-04-19T19:12:23","date_gmt":"2022-04-19T19:12:23","guid":{"rendered":"https:\/\/sertv.gob.pa\/nacionalfm\/?p=81193"},"modified":"2022-04-19T19:12:23","modified_gmt":"2022-04-19T19:12:23","slug":"la-ue-condena-el-atroz-ataque-contra-una-escuela-de-minoria-chii-en-kabul","status":"publish","type":"post","link":"https:\/\/sertv.gob.pa\/nacionalfm\/la-ue-condena-el-atroz-ataque-contra-una-escuela-de-minoria-chii-en-kabul\/","title":{"rendered":"La UE condena el \u00abatroz\u00bb ataque contra una escuela de minor\u00eda chi\u00ed en Kabul"},"content":{"rendered":"<p><strong><em>BRUSELAS, (EUROPA PRESS) \u2013<\/em><\/strong><\/p>\n<p><strong><em>\u00a0<\/em><\/strong><\/p>\n<p>La Uni\u00f3n Europea ha expresado este martes su condena contra el \u00abatroz\u00bb ataque contra una escuela situada en un barrio de mayor\u00eda chi\u00ed en la capital de Afganist\u00e1n, Kabul, que ha dejado al menos seis muertos.<\/p>\n<p>\u00abNing\u00fan ser humano, mucho menos menores, debe ser v\u00edctima de un acto sin sentido. Mientras se desconoce todav\u00eda el n\u00famero exacto de personas afectadas, estos ataques contra escuelas son una clara violaci\u00f3n del Derecho Internacional humanitario\u00bb, ha denunciado el Servicio de Acci\u00f3n Exterior de la Uni\u00f3n Europea (SEAE) en un comunicado.<\/p>\n<p>La diplomacia comunitaria ha recordado que la violencia continua contra civiles en Afganist\u00e1n es un \u00abobst\u00e1culo serio\u00bb para la pacificaci\u00f3n del pa\u00eds y ha pedido a las autoridades del pa\u00eds que garanticen la seguridad de todos los afganos.<\/p>\n<p>En este sentido, la UE ha pedido a los talib\u00e1n que informen sobre este ataque y permitan una investigaci\u00f3n sobre los hechos, adem\u00e1s de llevar ante la justicia a los responsables.<\/p>\n<p>\u00abTodos los ciudadanos afganos, incluidas las mujeres y las ni\u00f1as, los ni\u00f1os y las minor\u00edas \u00e9tnicas y religiosas merecen vivir en condiciones de seguridad, con pleno respeto de sus Derechos Humanos y libertades fundamentales\u00bb, ha manifestado el SEAE.<\/p>\n<p>Al menos seis personas han muerto en varias explosiones registradas en una escuela situada en un barrio de mayor\u00eda chi\u00ed de Kabul. Adem\u00e1s, un portavoz policial ha confirmado once heridos.<\/p>\n<p>La escuela se encuentra en un barrio de mayor\u00eda hazara, objetivo en el pasado de varios atentados por parte del grupo yihadista Estado Isl\u00e1mico.<\/p>\n<p>Tambi\u00e9n los talib\u00e1n, ahora en el poder tras la toma de Kabul en agosto de 2021, han realizado en el pasado ataques contra esta minor\u00eda social. Las nuevas autoridades han rechazado desde su vuelta al poder las acusaciones sobre discriminaci\u00f3n y abusos contra este grupo.<\/p>\n<p>&nbsp;<\/p>\n<p>Fuente: EUROPA PRESS<\/p>\n","protected":false},"excerpt":{"rendered":"<p>BRUSELAS, (EUROPA PRESS) \u2013 \u00a0 La Uni\u00f3n Europea ha expresado <a href=\"https:\/\/sertv.gob.pa\/nacionalfm\/la-ue-condena-el-atroz-ataque-contra-una-escuela-de-minoria-chii-en-kabul\/\"> [&#8230;]<\/a><\/p>\n","protected":false},"author":9,"featured_media":81194,"comment_status":"closed","ping_status":"closed","sticky":false,"template":"","format":"standard","meta":{"footnotes":""},"categories":[3],"tags":[],"class_list":["post-81193","post","type-post","status-publish","format-standard","has-post-thumbnail","hentry","category-internacionales"],"_links":{"self":[{"href":"https:\/\/sertv.gob.pa\/nacionalfm\/wp-json\/wp\/v2\/posts\/81193","targetHints":{"allow":["GET"]}}],"collection":[{"href":"https:\/\/sertv.gob.pa\/nacionalfm\/wp-json\/wp\/v2\/posts"}],"about":[{"href":"https:\/\/sertv.gob.pa\/nacionalfm\/wp-json\/wp\/v2\/types\/post"}],"author":[{"embeddable":true,"href":"https:\/\/sertv.gob.pa\/nacionalfm\/wp-json\/wp\/v2\/users\/9"}],"replies":[{"embeddable":true,"href":"https:\/\/sertv.gob.pa\/nacionalfm\/wp-json\/wp\/v2\/comments?post=81193"}],"version-history":[{"count":1,"href":"https:\/\/sertv.gob.pa\/nacionalfm\/wp-json\/wp\/v2\/posts\/81193\/revisions"}],"predecessor-version":[{"id":81195,"href":"https:\/\/sertv.gob.pa\/nacionalfm\/wp-json\/wp\/v2\/posts\/81193\/revisions\/81195"}],"wp:featuredmedia":[{"embeddable":true,"href":"https:\/\/sertv.gob.pa\/nacionalfm\/wp-json\/wp\/v2\/media\/81194"}],"wp:attachment":[{"href":"https:\/\/sertv.gob.pa\/nacionalfm\/wp-json\/wp\/v2\/media?parent=81193"}],"wp:term":[{"taxonomy":"category","embeddable":true,"href":"https:\/\/sertv.gob.pa\/nacionalfm\/wp-json\/wp\/v2\/categories?post=81193"},{"taxonomy":"post_tag","embeddable":true,"href":"https:\/\/sertv.gob.pa\/nacionalfm\/wp-json\/wp\/v2\/tags?post=81193"}],"curies":[{"name":"wp","href":"https:\/\/api.w.org\/{rel}","templated":true}]}}