{"id":81234,"date":"2022-04-20T18:06:22","date_gmt":"2022-04-20T18:06:22","guid":{"rendered":"https:\/\/sertv.gob.pa\/nacionalfm\/?p=81234"},"modified":"2022-04-20T18:06:22","modified_gmt":"2022-04-20T18:06:22","slug":"la-policia-abate-a-un-intruso-en-la-embajada-de-peru-en-estados-unidos","status":"publish","type":"post","link":"https:\/\/sertv.gob.pa\/nacionalfm\/la-policia-abate-a-un-intruso-en-la-embajada-de-peru-en-estados-unidos\/","title":{"rendered":"La Polic\u00eda abate a un intruso en la Embajada de Per\u00fa en Estados Unidos"},"content":{"rendered":"<p><strong><em>MADRID, (EUROPA PRESS) \u2013<\/em><\/strong><\/p>\n<p><strong><em>\u00a0<\/em><\/strong><\/p>\n<p>Agentes del Servicio Secreto de Estados Unidos han matado a tiros este mi\u00e9rcoles a un hombre que hab\u00eda irrumpido en la Embajada de Per\u00fa en Washington, sin que se tenga constancia de los motivos de este presunto asalto ni de la identidad del intruso.<\/p>\n<p>El incidente ha tenido lugar poco antes de las 8.00 (hora local) en la residencia del embajador peruano. Un portavoz policial ha explicado ante los medios que el Servicio Secreto acudi\u00f3 a la zona despu\u00e9s de ser alertado de un posible robo.<\/p>\n<p>A su llegada al inmueble, situado en la calle Garrison de Washington, constataron que un hombre hab\u00eda roto varias ventanas. Dentro hab\u00eda varias personas, pero la Polic\u00eda ha aclarado que tanto el embajador como sus familiares est\u00e1n ilesos.<\/p>\n<p>La Embajada tambi\u00e9n ha confirmado que \u00abel embajador, su familia, el personal de la Residencia y los agentes del Servicio Secreto se encuentran a salvo\u00bb tras este incidente, en el que \u00abuna persona ingres\u00f3 a la Residencia Oficial sin autorizaci\u00f3n\u00bb.<\/p>\n<p>&nbsp;<\/p>\n<p>Fuente: EUROPA PRESS<\/p>\n","protected":false},"excerpt":{"rendered":"<p>MADRID, (EUROPA PRESS) \u2013 \u00a0 Agentes del Servicio Secreto de <a href=\"https:\/\/sertv.gob.pa\/nacionalfm\/la-policia-abate-a-un-intruso-en-la-embajada-de-peru-en-estados-unidos\/\"> [&#8230;]<\/a><\/p>\n","protected":false},"author":9,"featured_media":81235,"comment_status":"closed","ping_status":"closed","sticky":false,"template":"","format":"standard","meta":{"footnotes":""},"categories":[3],"tags":[],"class_list":["post-81234","post","type-post","status-publish","format-standard","has-post-thumbnail","hentry","category-internacionales"],"_links":{"self":[{"href":"https:\/\/sertv.gob.pa\/nacionalfm\/wp-json\/wp\/v2\/posts\/81234","targetHints":{"allow":["GET"]}}],"collection":[{"href":"https:\/\/sertv.gob.pa\/nacionalfm\/wp-json\/wp\/v2\/posts"}],"about":[{"href":"https:\/\/sertv.gob.pa\/nacionalfm\/wp-json\/wp\/v2\/types\/post"}],"author":[{"embeddable":true,"href":"https:\/\/sertv.gob.pa\/nacionalfm\/wp-json\/wp\/v2\/users\/9"}],"replies":[{"embeddable":true,"href":"https:\/\/sertv.gob.pa\/nacionalfm\/wp-json\/wp\/v2\/comments?post=81234"}],"version-history":[{"count":1,"href":"https:\/\/sertv.gob.pa\/nacionalfm\/wp-json\/wp\/v2\/posts\/81234\/revisions"}],"predecessor-version":[{"id":81238,"href":"https:\/\/sertv.gob.pa\/nacionalfm\/wp-json\/wp\/v2\/posts\/81234\/revisions\/81238"}],"wp:featuredmedia":[{"embeddable":true,"href":"https:\/\/sertv.gob.pa\/nacionalfm\/wp-json\/wp\/v2\/media\/81235"}],"wp:attachment":[{"href":"https:\/\/sertv.gob.pa\/nacionalfm\/wp-json\/wp\/v2\/media?parent=81234"}],"wp:term":[{"taxonomy":"category","embeddable":true,"href":"https:\/\/sertv.gob.pa\/nacionalfm\/wp-json\/wp\/v2\/categories?post=81234"},{"taxonomy":"post_tag","embeddable":true,"href":"https:\/\/sertv.gob.pa\/nacionalfm\/wp-json\/wp\/v2\/tags?post=81234"}],"curies":[{"name":"wp","href":"https:\/\/api.w.org\/{rel}","templated":true}]}}