{"id":81239,"date":"2022-04-20T18:25:14","date_gmt":"2022-04-20T18:25:14","guid":{"rendered":"https:\/\/sertv.gob.pa\/nacionalfm\/?p=81239"},"modified":"2022-04-20T18:25:14","modified_gmt":"2022-04-20T18:25:14","slug":"guterres-pide-ser-recibido-por-putin-y-zelenski-en-rusia-y-ucrania","status":"publish","type":"post","link":"https:\/\/sertv.gob.pa\/nacionalfm\/guterres-pide-ser-recibido-por-putin-y-zelenski-en-rusia-y-ucrania\/","title":{"rendered":"Guterres pide ser recibido por Putin y Zelenski en Rusia y Ucrania"},"content":{"rendered":"<p><strong><em>MADRID, (EUROPA PRESS) \u2013<\/em><\/strong><\/p>\n<p><strong><em>\u00a0<\/em><\/strong><\/p>\n<p>El secretario general de Naciones Unidas, Ant\u00f3nio Guterres, ha pedido ser recibido en Mosc\u00fa por el presidente ruso, Vladimir Putin, as\u00ed como en Kiev por el presidente de Ucrania, Volodimir Zelenski.<\/p>\n<p>Naciones Unidas ha informado este mi\u00e9rcoles de que en la tarde de ayer se entregaron dos cartas independientes a los representantes de las Misiones Permanentes de Rusia y Ucrania ante la ONU.<\/p>\n<p>En dicho texto, Guterres ha trasladado su inter\u00e9s por visitar las capitales de Rusia y Ucrania para discutir una serie de \u00abmedidas urgentes para lograr la paz\u00bb en un momento en que el conflicto en Europa del Este representa un \u00abgran peligro\u00bb.<\/p>\n<p>Asimismo, el secretario general ha remarcado que tanto Ucrania como Rusia son miembros fundadores de Naciones Unidas y que siempre han sido \u00abfirmes partidarios\u00bb del organismo, por lo que es necesario lograr un acuerdo de cara al \u00abfuturo del multilateralismo basado en la Carta de Naciones Unidas y el derecho internacional\u00bb.<\/p>\n<p>El m\u00e1ximo representante de la ONU ya pidi\u00f3 el martes a Rusia y Ucrania un alto el fuego de cuatro d\u00edas con motivo de la Pascua ortodoxa, que este a\u00f1o se celebra \u00abbajo la nube de una guerra\u00bb.<\/p>\n<p>La \u00abpausa humanitaria\u00bb a la que hizo referencia Guterres, y que Ucrania ya ha aceptado, comenzar\u00eda este jueves y durar\u00eda hasta el domingo. El objetivo es que se puedan abrir corredores humanitarios durante este periodo.<\/p>\n<p>&nbsp;<\/p>\n<p>Fuente: EUROPA PRESS<\/p>\n","protected":false},"excerpt":{"rendered":"<p>MADRID, (EUROPA PRESS) \u2013 \u00a0 El secretario general de Naciones <a href=\"https:\/\/sertv.gob.pa\/nacionalfm\/guterres-pide-ser-recibido-por-putin-y-zelenski-en-rusia-y-ucrania\/\"> [&#8230;]<\/a><\/p>\n","protected":false},"author":9,"featured_media":81240,"comment_status":"closed","ping_status":"closed","sticky":false,"template":"","format":"standard","meta":{"footnotes":""},"categories":[3],"tags":[],"class_list":["post-81239","post","type-post","status-publish","format-standard","has-post-thumbnail","hentry","category-internacionales"],"_links":{"self":[{"href":"https:\/\/sertv.gob.pa\/nacionalfm\/wp-json\/wp\/v2\/posts\/81239","targetHints":{"allow":["GET"]}}],"collection":[{"href":"https:\/\/sertv.gob.pa\/nacionalfm\/wp-json\/wp\/v2\/posts"}],"about":[{"href":"https:\/\/sertv.gob.pa\/nacionalfm\/wp-json\/wp\/v2\/types\/post"}],"author":[{"embeddable":true,"href":"https:\/\/sertv.gob.pa\/nacionalfm\/wp-json\/wp\/v2\/users\/9"}],"replies":[{"embeddable":true,"href":"https:\/\/sertv.gob.pa\/nacionalfm\/wp-json\/wp\/v2\/comments?post=81239"}],"version-history":[{"count":1,"href":"https:\/\/sertv.gob.pa\/nacionalfm\/wp-json\/wp\/v2\/posts\/81239\/revisions"}],"predecessor-version":[{"id":81241,"href":"https:\/\/sertv.gob.pa\/nacionalfm\/wp-json\/wp\/v2\/posts\/81239\/revisions\/81241"}],"wp:featuredmedia":[{"embeddable":true,"href":"https:\/\/sertv.gob.pa\/nacionalfm\/wp-json\/wp\/v2\/media\/81240"}],"wp:attachment":[{"href":"https:\/\/sertv.gob.pa\/nacionalfm\/wp-json\/wp\/v2\/media?parent=81239"}],"wp:term":[{"taxonomy":"category","embeddable":true,"href":"https:\/\/sertv.gob.pa\/nacionalfm\/wp-json\/wp\/v2\/categories?post=81239"},{"taxonomy":"post_tag","embeddable":true,"href":"https:\/\/sertv.gob.pa\/nacionalfm\/wp-json\/wp\/v2\/tags?post=81239"}],"curies":[{"name":"wp","href":"https:\/\/api.w.org\/{rel}","templated":true}]}}