{"id":81287,"date":"2022-04-21T17:28:46","date_gmt":"2022-04-21T17:28:46","guid":{"rendered":"https:\/\/sertv.gob.pa\/nacionalfm\/?p=81287"},"modified":"2022-04-21T17:28:46","modified_gmt":"2022-04-21T17:28:46","slug":"zelenski-cifra-en-120-000-los-civiles-atrapados-en-mariupol-y-dice-que-la-situacion-es-dificil","status":"publish","type":"post","link":"https:\/\/sertv.gob.pa\/nacionalfm\/zelenski-cifra-en-120-000-los-civiles-atrapados-en-mariupol-y-dice-que-la-situacion-es-dificil\/","title":{"rendered":"Zelenski cifra en 120.000 los civiles \u00abatrapados\u00bb en Mari\u00fapol y dice que la situaci\u00f3n es \u00abdif\u00edcil\u00bb"},"content":{"rendered":"<p><strong><em>MADRID, (EUROPA PRESS) \u2013<\/em><\/strong><\/p>\n<p><strong><em>\u00a0<\/em><\/strong><\/p>\n<p>El presidente de Ucrania, Volodimir Zelenski, ha indicado este jueves que 120.000 civiles permanecen \u00abatrapados\u00bb en la ciudad de Mari\u00fapol, donde la situaci\u00f3n es \u00abdif\u00edcil\u00bb.<\/p>\n<p>En rueda de prensa junto al presidente del Gobierno de Espa\u00f1a, Pedro S\u00e1nchez, y la primera ministra de Dinamarca, Mette Frederiksen, Zelenski ha agregado que en la ciudad hay unos 2.000 militares y de ellos 400 est\u00e1n heridos.<\/p>\n<p>As\u00ed, ha se\u00f1alado que la situaci\u00f3n en la ciudad \u00abest\u00e1 pr\u00e1cticamente sin cambios\u00bb y ha subrayado que las autoridades ucranianas \u00abtrabajan constantemente\u00bb para intentar abrir corredores humanitarios \u00abpero los rusos han estado bloqueando\u00bb esta apertura.<\/p>\n<p>\u00abHa habido una proposici\u00f3n de intercambio, al menos intercambiar heridos por heridos\u00bb, ha continuado, antes de precisar que \u00absabe\u00bb que Rusia ha recibido esta informaci\u00f3n. \u00abLos saben porque est\u00e1n en contacto diario con nuestros hombres\u00bb, ha aseverado.<\/p>\n<p>En este sentido, ha matizado que las autoridades ucranianas han explorado la v\u00eda diplom\u00e1tica para resolver la situaci\u00f3n con ayuda de Turqu\u00eda y su presidente, Recep Tayyip Erdogan, y que esperan una respuesta.<\/p>\n<p>Cuestionado sobre si es cierto que Rusia controla Mari\u00fapol por completo, Zelenski ha indicado que las fuerzas rusas se hicieron \u00abcon la mayor\u00eda de Mari\u00fapol hace tiempo\u00bb, pero ha remarcado que hay una parte de la ciudad todav\u00eda bajo control ucraniano, que es donde permanecen atrapados los civiles y los militares.<\/p>\n<p>La ciudad de Mari\u00fapol es una de las m\u00e1s castigadas en el marco de la invasi\u00f3n rusa, que ha causado all\u00ed una cat\u00e1strofe humanitaria. Seg\u00fan las autoridades locales, m\u00e1s de 20.000 civiles han muerto en Mari\u00fapol desde el 24 de febrero. Por su parte, 150.000 han salido de la ciudad, sitiada por las fuerzas rusas desde el comienzo de la invasi\u00f3n.<\/p>\n<p>&nbsp;<\/p>\n<p>Fuente: EUROPA PRESS<\/p>\n","protected":false},"excerpt":{"rendered":"<p>MADRID, (EUROPA PRESS) \u2013 \u00a0 El presidente de Ucrania, Volodimir <a href=\"https:\/\/sertv.gob.pa\/nacionalfm\/zelenski-cifra-en-120-000-los-civiles-atrapados-en-mariupol-y-dice-que-la-situacion-es-dificil\/\"> [&#8230;]<\/a><\/p>\n","protected":false},"author":9,"featured_media":81288,"comment_status":"closed","ping_status":"closed","sticky":false,"template":"","format":"standard","meta":{"footnotes":""},"categories":[3],"tags":[],"class_list":["post-81287","post","type-post","status-publish","format-standard","has-post-thumbnail","hentry","category-internacionales"],"_links":{"self":[{"href":"https:\/\/sertv.gob.pa\/nacionalfm\/wp-json\/wp\/v2\/posts\/81287","targetHints":{"allow":["GET"]}}],"collection":[{"href":"https:\/\/sertv.gob.pa\/nacionalfm\/wp-json\/wp\/v2\/posts"}],"about":[{"href":"https:\/\/sertv.gob.pa\/nacionalfm\/wp-json\/wp\/v2\/types\/post"}],"author":[{"embeddable":true,"href":"https:\/\/sertv.gob.pa\/nacionalfm\/wp-json\/wp\/v2\/users\/9"}],"replies":[{"embeddable":true,"href":"https:\/\/sertv.gob.pa\/nacionalfm\/wp-json\/wp\/v2\/comments?post=81287"}],"version-history":[{"count":1,"href":"https:\/\/sertv.gob.pa\/nacionalfm\/wp-json\/wp\/v2\/posts\/81287\/revisions"}],"predecessor-version":[{"id":81290,"href":"https:\/\/sertv.gob.pa\/nacionalfm\/wp-json\/wp\/v2\/posts\/81287\/revisions\/81290"}],"wp:featuredmedia":[{"embeddable":true,"href":"https:\/\/sertv.gob.pa\/nacionalfm\/wp-json\/wp\/v2\/media\/81288"}],"wp:attachment":[{"href":"https:\/\/sertv.gob.pa\/nacionalfm\/wp-json\/wp\/v2\/media?parent=81287"}],"wp:term":[{"taxonomy":"category","embeddable":true,"href":"https:\/\/sertv.gob.pa\/nacionalfm\/wp-json\/wp\/v2\/categories?post=81287"},{"taxonomy":"post_tag","embeddable":true,"href":"https:\/\/sertv.gob.pa\/nacionalfm\/wp-json\/wp\/v2\/tags?post=81287"}],"curies":[{"name":"wp","href":"https:\/\/api.w.org\/{rel}","templated":true}]}}