{"id":81291,"date":"2022-04-21T18:03:18","date_gmt":"2022-04-21T18:03:18","guid":{"rendered":"https:\/\/sertv.gob.pa\/nacionalfm\/?p=81291"},"modified":"2022-04-21T18:03:18","modified_gmt":"2022-04-21T18:03:18","slug":"una-explosion-en-una-mina-del-norte-de-chile-deja-dos-mineros-muertos","status":"publish","type":"post","link":"https:\/\/sertv.gob.pa\/nacionalfm\/una-explosion-en-una-mina-del-norte-de-chile-deja-dos-mineros-muertos\/","title":{"rendered":"Una explosi\u00f3n en una mina del norte de Chile deja dos mineros muertos"},"content":{"rendered":"<p><strong><em>MADRID, (EUROPA PRESS) \u2013<\/em><\/strong><\/p>\n<p><strong><em>\u00a0<\/em><\/strong><\/p>\n<p>El Servicio Nacional de Geolog\u00eda y Miner\u00eda de Chile (Sernageomin) ha confirmado que dos mineros han perdido la vida en la mina Bellavista, en el norte del pa\u00eds, donde a lo largo de la noche (hora local) se registr\u00f3 una explosi\u00f3n.<\/p>\n<p>Seg\u00fan la Fiscal\u00eda regional, el accidente se ha producido cuando los dos trabajadores, de 57 y 23 a\u00f1os, realizaban un turno nocturno. En alg\u00fan momento de la noche se ha producido una explosi\u00f3n como parte de las tareas de extracci\u00f3n de mineral.<\/p>\n<p>El ente ha a\u00f1adido que las primeras informaciones sobre el accidente se han dado a primera hora de la ma\u00f1ana chilena, cuando un grupo de empleados de la mina ha acudido a su lugar de trabajo para reemplazar a los mineros del turno de noche.<\/p>\n<p>La Fiscal\u00eda de Atacama ha ordenado iniciar las investigaciones pertinentes sobre el terreno para dirimir las causas del suceso, seg\u00fan recoge el diario &#8216;El Mercurio&#8217;.<\/p>\n<p>&nbsp;<\/p>\n<p>Fuente: EUROPA PRESS<\/p>\n","protected":false},"excerpt":{"rendered":"<p>MADRID, (EUROPA PRESS) \u2013 \u00a0 El Servicio Nacional de Geolog\u00eda <a href=\"https:\/\/sertv.gob.pa\/nacionalfm\/una-explosion-en-una-mina-del-norte-de-chile-deja-dos-mineros-muertos\/\"> [&#8230;]<\/a><\/p>\n","protected":false},"author":9,"featured_media":81292,"comment_status":"closed","ping_status":"closed","sticky":false,"template":"","format":"standard","meta":{"footnotes":""},"categories":[3],"tags":[],"class_list":["post-81291","post","type-post","status-publish","format-standard","has-post-thumbnail","hentry","category-internacionales"],"_links":{"self":[{"href":"https:\/\/sertv.gob.pa\/nacionalfm\/wp-json\/wp\/v2\/posts\/81291","targetHints":{"allow":["GET"]}}],"collection":[{"href":"https:\/\/sertv.gob.pa\/nacionalfm\/wp-json\/wp\/v2\/posts"}],"about":[{"href":"https:\/\/sertv.gob.pa\/nacionalfm\/wp-json\/wp\/v2\/types\/post"}],"author":[{"embeddable":true,"href":"https:\/\/sertv.gob.pa\/nacionalfm\/wp-json\/wp\/v2\/users\/9"}],"replies":[{"embeddable":true,"href":"https:\/\/sertv.gob.pa\/nacionalfm\/wp-json\/wp\/v2\/comments?post=81291"}],"version-history":[{"count":1,"href":"https:\/\/sertv.gob.pa\/nacionalfm\/wp-json\/wp\/v2\/posts\/81291\/revisions"}],"predecessor-version":[{"id":81293,"href":"https:\/\/sertv.gob.pa\/nacionalfm\/wp-json\/wp\/v2\/posts\/81291\/revisions\/81293"}],"wp:featuredmedia":[{"embeddable":true,"href":"https:\/\/sertv.gob.pa\/nacionalfm\/wp-json\/wp\/v2\/media\/81292"}],"wp:attachment":[{"href":"https:\/\/sertv.gob.pa\/nacionalfm\/wp-json\/wp\/v2\/media?parent=81291"}],"wp:term":[{"taxonomy":"category","embeddable":true,"href":"https:\/\/sertv.gob.pa\/nacionalfm\/wp-json\/wp\/v2\/categories?post=81291"},{"taxonomy":"post_tag","embeddable":true,"href":"https:\/\/sertv.gob.pa\/nacionalfm\/wp-json\/wp\/v2\/tags?post=81291"}],"curies":[{"name":"wp","href":"https:\/\/api.w.org\/{rel}","templated":true}]}}