{"id":813,"date":"2014-08-06T05:00:00","date_gmt":"2014-08-06T05:00:00","guid":{"rendered":""},"modified":"2014-08-06T05:00:00","modified_gmt":"2014-08-06T05:00:00","slug":"minsa-investiga-muerte-por-posible-dengue","status":"publish","type":"post","link":"https:\/\/sertv.gob.pa\/nacionalfm\/minsa-investiga-muerte-por-posible-dengue\/","title":{"rendered":"Minsa investiga muerte por posible dengue"},"content":{"rendered":"<p>\nLa muerte de una persona por posible dengue es investigada por el Ministerio de Salud (Minsa) <\/p>\n<p>La directora nacional de Salud, Itza Barahona de Mosca, explic\u00f3 que, aunque el paciente padeci\u00f3 dengue, no se ha confirmado si la enfermedad es la causa principal de la defunci\u00f3n o si la misma se produjo por otras complicaciones. \u00a0La v\u00edctima era una maestra de la escuela Manuel E. Batista, en Parque Lefevre, donde el Ministerio de Educaci\u00f3n har\u00e1 una limpieza. <\/p>\n<p>A la fecha han fallecido 8 personas por dengue.\u00a0 @nacionalFm <\/p>\n<p>\u00a0 <\/p>\n","protected":false},"excerpt":{"rendered":"<p>La muerte de una persona por posible dengue es investigada <a href=\"https:\/\/sertv.gob.pa\/nacionalfm\/minsa-investiga-muerte-por-posible-dengue\/\"> [&#8230;]<\/a><\/p>\n","protected":false},"author":1,"featured_media":814,"comment_status":"closed","ping_status":"closed","sticky":false,"template":"","format":"standard","meta":{"footnotes":""},"categories":[5],"tags":[],"class_list":["post-813","post","type-post","status-publish","format-standard","has-post-thumbnail","hentry","category-salud"],"_links":{"self":[{"href":"https:\/\/sertv.gob.pa\/nacionalfm\/wp-json\/wp\/v2\/posts\/813","targetHints":{"allow":["GET"]}}],"collection":[{"href":"https:\/\/sertv.gob.pa\/nacionalfm\/wp-json\/wp\/v2\/posts"}],"about":[{"href":"https:\/\/sertv.gob.pa\/nacionalfm\/wp-json\/wp\/v2\/types\/post"}],"author":[{"embeddable":true,"href":"https:\/\/sertv.gob.pa\/nacionalfm\/wp-json\/wp\/v2\/users\/1"}],"replies":[{"embeddable":true,"href":"https:\/\/sertv.gob.pa\/nacionalfm\/wp-json\/wp\/v2\/comments?post=813"}],"version-history":[{"count":0,"href":"https:\/\/sertv.gob.pa\/nacionalfm\/wp-json\/wp\/v2\/posts\/813\/revisions"}],"wp:featuredmedia":[{"embeddable":true,"href":"https:\/\/sertv.gob.pa\/nacionalfm\/wp-json\/wp\/v2\/media\/814"}],"wp:attachment":[{"href":"https:\/\/sertv.gob.pa\/nacionalfm\/wp-json\/wp\/v2\/media?parent=813"}],"wp:term":[{"taxonomy":"category","embeddable":true,"href":"https:\/\/sertv.gob.pa\/nacionalfm\/wp-json\/wp\/v2\/categories?post=813"},{"taxonomy":"post_tag","embeddable":true,"href":"https:\/\/sertv.gob.pa\/nacionalfm\/wp-json\/wp\/v2\/tags?post=813"}],"curies":[{"name":"wp","href":"https:\/\/api.w.org\/{rel}","templated":true}]}}