{"id":8133,"date":"2015-10-13T18:33:36","date_gmt":"2015-10-13T18:33:36","guid":{"rendered":""},"modified":"2015-10-13T18:33:36","modified_gmt":"2015-10-13T18:33:36","slug":"es-el-jabon-malo-para-la-salud","status":"publish","type":"post","link":"https:\/\/sertv.gob.pa\/nacionalfm\/es-el-jabon-malo-para-la-salud\/","title":{"rendered":"\u00bfEs el jab\u00f3n malo para la salud?"},"content":{"rendered":"<p>\nLa gastroenter\u00f3loga Robynne Chutkan, autora del libro &#8216;The Microbiome Solution: A Radical New Way to Heal Your Body from the Inside Out&#8217;, quien explica que ducharse diariamente con jab\u00f3n nos hace m\u00e1s propensos a padecer enfermedades e infecciones. <\/p>\n<p>El jab\u00f3n que no es &ldquo;trigo limpio&rdquo; <\/p>\n<p>El contacto regular con la suciedad acostumbra a nuestro sistema inmune a diferenciar los g\u00e9rmenes beneficiosos de los perjudiciales. Cuando utilizamos jabones antibacterianos eliminamos de nuestra piel las bacterias que nos protegen de tener acn\u00e9 o eccemas, explica la doctora Chutka en su libro, quien agrega que las \u00fanicas partes de nuestro cuerpo que deber\u00edamos lavarnos con jab\u00f3n diariamente son las axilas y las ingles; para el resto, ser\u00eda suficiente con un enjuague, incluso luego de haber sudado. <\/p>\n<p>\u00bfTrat\u00e1is de decirme que no es bueno que me lave las manos? No, desde luego. Sin embargo, los expertos recomiendan que utilicemos jabones org\u00e1nicos y que en \u00e9pocas de gripes y resfriados, cuando el contagio suele ser frecuente, dediquemos no menos de 20 segundos a lavarnos con agua templada. Esto har\u00eda que solo los virus y las bacterias da\u00f1inos desaparezcan por el desag\u00fce y no lo hagan todos, incluidos los buenos. <\/p>\n<p>\u00a0 <\/p>\n<p>\u00a0 <\/p>\n","protected":false},"excerpt":{"rendered":"<p>La gastroenter\u00f3loga Robynne Chutkan, autora del libro &#8216;The Microbiome Solution: <a href=\"https:\/\/sertv.gob.pa\/nacionalfm\/es-el-jabon-malo-para-la-salud\/\"> [&#8230;]<\/a><\/p>\n","protected":false},"author":1,"featured_media":8134,"comment_status":"closed","ping_status":"closed","sticky":false,"template":"","format":"standard","meta":{"footnotes":""},"categories":[5],"tags":[],"class_list":["post-8133","post","type-post","status-publish","format-standard","has-post-thumbnail","hentry","category-salud"],"_links":{"self":[{"href":"https:\/\/sertv.gob.pa\/nacionalfm\/wp-json\/wp\/v2\/posts\/8133","targetHints":{"allow":["GET"]}}],"collection":[{"href":"https:\/\/sertv.gob.pa\/nacionalfm\/wp-json\/wp\/v2\/posts"}],"about":[{"href":"https:\/\/sertv.gob.pa\/nacionalfm\/wp-json\/wp\/v2\/types\/post"}],"author":[{"embeddable":true,"href":"https:\/\/sertv.gob.pa\/nacionalfm\/wp-json\/wp\/v2\/users\/1"}],"replies":[{"embeddable":true,"href":"https:\/\/sertv.gob.pa\/nacionalfm\/wp-json\/wp\/v2\/comments?post=8133"}],"version-history":[{"count":0,"href":"https:\/\/sertv.gob.pa\/nacionalfm\/wp-json\/wp\/v2\/posts\/8133\/revisions"}],"wp:featuredmedia":[{"embeddable":true,"href":"https:\/\/sertv.gob.pa\/nacionalfm\/wp-json\/wp\/v2\/media\/8134"}],"wp:attachment":[{"href":"https:\/\/sertv.gob.pa\/nacionalfm\/wp-json\/wp\/v2\/media?parent=8133"}],"wp:term":[{"taxonomy":"category","embeddable":true,"href":"https:\/\/sertv.gob.pa\/nacionalfm\/wp-json\/wp\/v2\/categories?post=8133"},{"taxonomy":"post_tag","embeddable":true,"href":"https:\/\/sertv.gob.pa\/nacionalfm\/wp-json\/wp\/v2\/tags?post=8133"}],"curies":[{"name":"wp","href":"https:\/\/api.w.org\/{rel}","templated":true}]}}